{"id":6529,"date":"2023-12-05T10:36:39","date_gmt":"2023-12-05T13:36:39","guid":{"rendered":"https:\/\/cidadebaixaonline.com.br\/?p=6529"},"modified":"2023-12-05T10:36:40","modified_gmt":"2023-12-05T13:36:40","slug":"prefeitura-tera-investimento-de-quase-r80-mi-em-escolas-de-alto-padrao","status":"publish","type":"post","link":"https:\/\/cidadebaixaonline.com.br\/index.php\/2023\/12\/05\/prefeitura-tera-investimento-de-quase-r80-mi-em-escolas-de-alto-padrao\/","title":{"rendered":"Prefeitura ter\u00e1 investimento de quase R$80 mi em escolas de alto padr\u00e3o"},"content":{"rendered":"\n<p>Nesta Segunda-feira (4), o prefeito Bruno Reis junto com o secret\u00e1rio municipal da Educa\u00e7\u00e3o (Smed) anunciaram que Salvador ir\u00e1 ganhar mais cinco novas escolas de alto padr\u00e3o, com instala\u00e7\u00f5es modernas, acessibilidade e conforto para o aprendizado escolar. O pacote de obras ir\u00e1 abrangir um investimento de cerca de R$ 79,6 milh\u00f5es de reais.<\/p>\n\n\n\n<p>Anuncio foi feito durante a assinatura da ordem de servi\u00e7o para a reconstru\u00e7\u00e3o da Escola Municipal Jesus de Nazar\u00e9, localizada em Sussuarana, uma das unidadades contempladas com a iniciativa.<\/p>\n\n\n\n<p>A antiga estrutura do local, que compartava somente seis salas de aula, j\u00e1 foi completamente demolida cedendo lugar a um novo pr\u00e9dio que contar\u00e1 com 24 salas. A capacidade de alunos saltar\u00e1 de 320 matr\u00edculas para 1.680. O custo da obra \u00e9 de R$ 18 milh\u00f5es.<\/p>\n\n\n\n<p>Com 3.9 mil metros quadrados de \u00e1rea constru\u00edda, a nova escola Jesus de Nazar\u00e9 conta com um projeto arrojado. O espa\u00e7o contar\u00e1 com uma pisicina para atividades de nata\u00e7\u00e3o e at\u00e9 um laborat\u00f3rio de Ci\u00eancias \/ Matem\u00e1tica.<\/p>\n\n\n\n<p>Tamb\u00e9m contar\u00e1 com parque infantil , quadra poliesportiva coberta, sala de dan\u00e7a, sala multiuso, audit\u00f3rio, sala de inform\u00e1tica, sala de leitura, salas de AEE, elevador, refeit\u00f3rio e recreio.<\/p>\n\n\n\n<p>&nbsp;A infraesstrutura do lugar atender\u00e1, tamb\u00e9m, a quest\u00f5es de sustentabilidade, implementando sistemas de capta\u00e7\u00e3o de energia solar e de reutiliza\u00e7\u00e3o de \u00e1gua pluvial.&nbsp;<\/p>\n\n\n\n<p>Fonte: Varela Net <\/p>\n","protected":false},"excerpt":{"rendered":"<p>Nesta Segunda-feira (4), o prefeito Bruno Reis junto com o secret\u00e1rio municipal da Educa\u00e7\u00e3o (Smed) anunciaram que Salvador ir\u00e1 ganhar mais cinco novas escolas de alto padr\u00e3o, com instala\u00e7\u00f5es modernas, acessibilidade e conforto para o aprendizado escolar. O pacote de obras ir\u00e1 abrangir um investimento de cerca de R$ 79,6 milh\u00f5es de reais. Anuncio foi [&hellip;]<\/p>\n","protected":false},"author":2,"featured_media":6530,"comment_status":"open","ping_status":"open","sticky":false,"template":"","format":"standard","meta":{"jnews-multi-image_gallery":[],"jnews_single_post":{"subtitle":"","format":"standard","video":"","gallery":"","source_name":"","source_url":"","via_name":"","via_url":"","override_template":"0","override":[{"template":"1","single_blog_custom":"","parallax":"1","fullscreen":"1","layout":"right-sidebar","sidebar":"default-sidebar","second_sidebar":"default-sidebar","sticky_sidebar":"1","share_position":"top","share_float_style":"share-monocrhome","show_share_counter":"0","show_view_counter":"0","show_featured":"1","show_post_meta":"1","show_post_author":"0","show_post_author_image":"1","show_post_date":"1","post_date_format":"default","post_date_format_custom":"Y\/m\/d","show_post_category":"1","show_post_reading_time":"0","post_reading_time_wpm":"300","show_zoom_button":"0","zoom_button_out_step":"2","zoom_button_in_step":"3","show_post_tag":"1","show_prev_next_post":"1","show_popup_post":"1","number_popup_post":"1","show_author_box":"0","show_post_related":"0","show_inline_post_related":"0"}],"override_image_size":"0","image_override":[{"single_post_thumbnail_size":"no-crop","single_post_gallery_size":"crop-715"}],"trending_post":"0","trending_post_position":"meta","trending_post_label":"Trending","sponsored_post":"0","sponsored_post_label":"Sponsored by","sponsored_post_name":"","sponsored_post_url":"","sponsored_post_logo_enable":"0","sponsored_post_logo":"","sponsored_post_desc":"","disable_ad":"0"},"jnews_primary_category":{"id":"","hide":""},"footnotes":""},"categories":[91],"tags":[],"class_list":["post-6529","post","type-post","status-publish","format-standard","has-post-thumbnail","hentry","category-politica"],"_links":{"self":[{"href":"https:\/\/cidadebaixaonline.com.br\/index.php\/wp-json\/wp\/v2\/posts\/6529","targetHints":{"allow":["GET"]}}],"collection":[{"href":"https:\/\/cidadebaixaonline.com.br\/index.php\/wp-json\/wp\/v2\/posts"}],"about":[{"href":"https:\/\/cidadebaixaonline.com.br\/index.php\/wp-json\/wp\/v2\/types\/post"}],"author":[{"embeddable":true,"href":"https:\/\/cidadebaixaonline.com.br\/index.php\/wp-json\/wp\/v2\/users\/2"}],"replies":[{"embeddable":true,"href":"https:\/\/cidadebaixaonline.com.br\/index.php\/wp-json\/wp\/v2\/comments?post=6529"}],"version-history":[{"count":1,"href":"https:\/\/cidadebaixaonline.com.br\/index.php\/wp-json\/wp\/v2\/posts\/6529\/revisions"}],"predecessor-version":[{"id":6531,"href":"https:\/\/cidadebaixaonline.com.br\/index.php\/wp-json\/wp\/v2\/posts\/6529\/revisions\/6531"}],"wp:featuredmedia":[{"embeddable":true,"href":"https:\/\/cidadebaixaonline.com.br\/index.php\/wp-json\/wp\/v2\/media\/6530"}],"wp:attachment":[{"href":"https:\/\/cidadebaixaonline.com.br\/index.php\/wp-json\/wp\/v2\/media?parent=6529"}],"wp:term":[{"taxonomy":"category","embeddable":true,"href":"https:\/\/cidadebaixaonline.com.br\/index.php\/wp-json\/wp\/v2\/categories?post=6529"},{"taxonomy":"post_tag","embeddable":true,"href":"https:\/\/cidadebaixaonline.com.br\/index.php\/wp-json\/wp\/v2\/tags?post=6529"}],"curies":[{"name":"wp","href":"https:\/\/api.w.org\/{rel}","templated":true}]}}