{"id":6520,"date":"2023-12-05T10:19:27","date_gmt":"2023-12-05T13:19:27","guid":{"rendered":"https:\/\/cidadebaixaonline.com.br\/?p=6520"},"modified":"2023-12-05T10:19:29","modified_gmt":"2023-12-05T13:19:29","slug":"fornecimento-de-agua-e-interrompido-em-quinze-bairros-de-salvador","status":"publish","type":"post","link":"https:\/\/cidadebaixaonline.com.br\/index.php\/2023\/12\/05\/fornecimento-de-agua-e-interrompido-em-quinze-bairros-de-salvador\/","title":{"rendered":"Fornecimento de \u00e1gua \u00e9 interrompido em quinze bairros de Salvador"},"content":{"rendered":"\n<p>O fornecimento de \u00e1gua foi interrompido em quinze bairros de Salvador nesta ter\u00e7a-feira (5). Por meio de nota, a Empresa Baiana de \u00c1guas e Saneamento (Embasa) afirmou que uma linha de distribui\u00e7\u00e3o de grande porte, que fica no bairro da Federa\u00e7\u00e3o, precisou ter a opera\u00e7\u00e3o interrompida por causa de um deslizamento de terra durante uma obra de estabiliza\u00e7\u00e3o de encosta no Alto da Bola, que deixou uma tubula\u00e7\u00e3o sem sustenta\u00e7\u00e3o.<\/p>\n\n\n\n<p>Os bairros afetados s\u00e3o: Garcia, Federa\u00e7\u00e3o, Rio Vermelho, Jardim Apipema, Gra\u00e7a, Vit\u00f3ria, Engenho Velho da Federa\u00e7\u00e3o, Canela, Barra Ondina, Calabar, Alto das Pombas, Toror\u00f3, Barris e Centro.<\/p>\n\n\n\n<p>De acordo com a Embasa, equipes est\u00e3o trabalhando para que o abastecimento seja normalizado &#8220;no menor prazo poss\u00edvel&#8221;. Uma interven\u00e7\u00e3o est\u00e1 sendo realizada na Avenida Garibaldi como uma alternativa de abastecimento para parte dos bairros. A empresa tamb\u00e9m disponibilizou carro pipa para hospitais e postos de sa\u00fade.<\/p>\n\n\n\n<p>Fonte: Varela Net <\/p>\n","protected":false},"excerpt":{"rendered":"<p>O fornecimento de \u00e1gua foi interrompido em quinze bairros de Salvador nesta ter\u00e7a-feira (5). Por meio de nota, a Empresa Baiana de \u00c1guas e Saneamento (Embasa) afirmou que uma linha de distribui\u00e7\u00e3o de grande porte, que fica no bairro da Federa\u00e7\u00e3o, precisou ter a opera\u00e7\u00e3o interrompida por causa de um deslizamento de terra durante uma [&hellip;]<\/p>\n","protected":false},"author":2,"featured_media":6521,"comment_status":"open","ping_status":"open","sticky":false,"template":"","format":"standard","meta":{"jnews-multi-image_gallery":[],"jnews_single_post":{"subtitle":"","format":"standard","video":"","gallery":"","source_name":"","source_url":"","via_name":"","via_url":"","override_template":"0","override":[{"template":"1","single_blog_custom":"","parallax":"1","fullscreen":"1","layout":"right-sidebar","sidebar":"default-sidebar","second_sidebar":"default-sidebar","sticky_sidebar":"1","share_position":"top","share_float_style":"share-monocrhome","show_share_counter":"0","show_view_counter":"0","show_featured":"1","show_post_meta":"1","show_post_author":"0","show_post_author_image":"1","show_post_date":"1","post_date_format":"default","post_date_format_custom":"Y\/m\/d","show_post_category":"1","show_post_reading_time":"0","post_reading_time_wpm":"300","show_zoom_button":"0","zoom_button_out_step":"2","zoom_button_in_step":"3","show_post_tag":"1","show_prev_next_post":"1","show_popup_post":"1","number_popup_post":"1","show_author_box":"0","show_post_related":"0","show_inline_post_related":"0"}],"override_image_size":"0","image_override":[{"single_post_thumbnail_size":"no-crop","single_post_gallery_size":"crop-715"}],"trending_post":"0","trending_post_position":"meta","trending_post_label":"Trending","sponsored_post":"0","sponsored_post_label":"Sponsored by","sponsored_post_name":"","sponsored_post_url":"","sponsored_post_logo_enable":"0","sponsored_post_logo":"","sponsored_post_desc":"","disable_ad":"0"},"jnews_primary_category":{"id":"","hide":""},"footnotes":""},"categories":[85],"tags":[],"class_list":["post-6520","post","type-post","status-publish","format-standard","has-post-thumbnail","hentry","category-noticias"],"_links":{"self":[{"href":"https:\/\/cidadebaixaonline.com.br\/index.php\/wp-json\/wp\/v2\/posts\/6520","targetHints":{"allow":["GET"]}}],"collection":[{"href":"https:\/\/cidadebaixaonline.com.br\/index.php\/wp-json\/wp\/v2\/posts"}],"about":[{"href":"https:\/\/cidadebaixaonline.com.br\/index.php\/wp-json\/wp\/v2\/types\/post"}],"author":[{"embeddable":true,"href":"https:\/\/cidadebaixaonline.com.br\/index.php\/wp-json\/wp\/v2\/users\/2"}],"replies":[{"embeddable":true,"href":"https:\/\/cidadebaixaonline.com.br\/index.php\/wp-json\/wp\/v2\/comments?post=6520"}],"version-history":[{"count":1,"href":"https:\/\/cidadebaixaonline.com.br\/index.php\/wp-json\/wp\/v2\/posts\/6520\/revisions"}],"predecessor-version":[{"id":6522,"href":"https:\/\/cidadebaixaonline.com.br\/index.php\/wp-json\/wp\/v2\/posts\/6520\/revisions\/6522"}],"wp:featuredmedia":[{"embeddable":true,"href":"https:\/\/cidadebaixaonline.com.br\/index.php\/wp-json\/wp\/v2\/media\/6521"}],"wp:attachment":[{"href":"https:\/\/cidadebaixaonline.com.br\/index.php\/wp-json\/wp\/v2\/media?parent=6520"}],"wp:term":[{"taxonomy":"category","embeddable":true,"href":"https:\/\/cidadebaixaonline.com.br\/index.php\/wp-json\/wp\/v2\/categories?post=6520"},{"taxonomy":"post_tag","embeddable":true,"href":"https:\/\/cidadebaixaonline.com.br\/index.php\/wp-json\/wp\/v2\/tags?post=6520"}],"curies":[{"name":"wp","href":"https:\/\/api.w.org\/{rel}","templated":true}]}}