{"id":6474,"date":"2023-12-01T11:03:29","date_gmt":"2023-12-01T14:03:29","guid":{"rendered":"https:\/\/cidadebaixaonline.com.br\/?p=6474"},"modified":"2023-12-01T11:03:31","modified_gmt":"2023-12-01T14:03:31","slug":"apos-depoimento-de-14-horas-suspeito-de-matar-dentista-e-liberado","status":"publish","type":"post","link":"https:\/\/cidadebaixaonline.com.br\/index.php\/2023\/12\/01\/apos-depoimento-de-14-horas-suspeito-de-matar-dentista-e-liberado\/","title":{"rendered":"Ap\u00f3s depoimento de 14 horas, suspeito de matar dentista \u00e9 liberado"},"content":{"rendered":"\n<p>O homem suspeito de matar o dentista Lucas Maia de Oliveira, de 36 anos,\u00a0encontrado amarrado dentro do apartamento onde morava, no bairro do Rio Vermelho, foi liberado depois de prestar um depoimento de cerca de 14 horas para a Pol\u00edcia Civil.\u00a0<\/p>\n\n\n\n<p>De acordo com informa\u00e7\u00f5es da pol\u00edcia, o homem foi at\u00e9 o Departamento de Homic\u00eddios e Prote\u00e7\u00e3o \u00e0 Pessoa (DHPP),&nbsp;de forma espont\u00e2nea, na \u00faltima quarta-feira (29). Ainda segundo a PC, o suspeito de envolvimento no crime n\u00e3o foi preso porque n\u00e3o havia motivos que justificassem um mandado de pris\u00e3o provis\u00f3rio.&nbsp;<\/p>\n\n\n\n<p>As investiga\u00e7\u00f5es indicaram que o suspeito, que n\u00e3o teve a identidade revelada, teria conhecido Lucas Maia em um aplicativo de relacionamento, no dia 16 de novembro. No dia seguinte, os dois se encontraram pessoalmente.&nbsp;<\/p>\n\n\n\n<p>Durante o depoimento, o homem disse que ficou no apartamento do profissional de sa\u00fade at\u00e9 o dia 20. Na pr\u00f3xima semana, mais tr\u00eas testemunhas devem ser ouvidas na pr\u00f3xima semana. <\/p>\n\n\n\n<p>Fonte: Varela Net <\/p>\n","protected":false},"excerpt":{"rendered":"<p>O homem suspeito de matar o dentista Lucas Maia de Oliveira, de 36 anos,\u00a0encontrado amarrado dentro do apartamento onde morava, no bairro do Rio Vermelho, foi liberado depois de prestar um depoimento de cerca de 14 horas para a Pol\u00edcia Civil.\u00a0 De acordo com informa\u00e7\u00f5es da pol\u00edcia, o homem foi at\u00e9 o Departamento de Homic\u00eddios [&hellip;]<\/p>\n","protected":false},"author":2,"featured_media":6475,"comment_status":"open","ping_status":"open","sticky":false,"template":"","format":"standard","meta":{"jnews-multi-image_gallery":[],"jnews_single_post":{"subtitle":"","format":"standard","video":"","gallery":"","source_name":"","source_url":"","via_name":"","via_url":"","override_template":"0","override":[{"template":"1","single_blog_custom":"","parallax":"1","fullscreen":"1","layout":"right-sidebar","sidebar":"default-sidebar","second_sidebar":"default-sidebar","sticky_sidebar":"1","share_position":"top","share_float_style":"share-monocrhome","show_share_counter":"0","show_view_counter":"0","show_featured":"1","show_post_meta":"1","show_post_author":"0","show_post_author_image":"1","show_post_date":"1","post_date_format":"default","post_date_format_custom":"Y\/m\/d","show_post_category":"1","show_post_reading_time":"0","post_reading_time_wpm":"300","show_zoom_button":"0","zoom_button_out_step":"2","zoom_button_in_step":"3","show_post_tag":"1","show_prev_next_post":"1","show_popup_post":"1","number_popup_post":"1","show_author_box":"0","show_post_related":"0","show_inline_post_related":"0"}],"override_image_size":"0","image_override":[{"single_post_thumbnail_size":"no-crop","single_post_gallery_size":"crop-715"}],"trending_post":"0","trending_post_position":"meta","trending_post_label":"Trending","sponsored_post":"0","sponsored_post_label":"Sponsored by","sponsored_post_name":"","sponsored_post_url":"","sponsored_post_logo_enable":"0","sponsored_post_logo":"","sponsored_post_desc":"","disable_ad":"0"},"jnews_primary_category":{"id":"","hide":""},"footnotes":""},"categories":[105],"tags":[],"class_list":["post-6474","post","type-post","status-publish","format-standard","has-post-thumbnail","hentry","category-policia"],"_links":{"self":[{"href":"https:\/\/cidadebaixaonline.com.br\/index.php\/wp-json\/wp\/v2\/posts\/6474","targetHints":{"allow":["GET"]}}],"collection":[{"href":"https:\/\/cidadebaixaonline.com.br\/index.php\/wp-json\/wp\/v2\/posts"}],"about":[{"href":"https:\/\/cidadebaixaonline.com.br\/index.php\/wp-json\/wp\/v2\/types\/post"}],"author":[{"embeddable":true,"href":"https:\/\/cidadebaixaonline.com.br\/index.php\/wp-json\/wp\/v2\/users\/2"}],"replies":[{"embeddable":true,"href":"https:\/\/cidadebaixaonline.com.br\/index.php\/wp-json\/wp\/v2\/comments?post=6474"}],"version-history":[{"count":1,"href":"https:\/\/cidadebaixaonline.com.br\/index.php\/wp-json\/wp\/v2\/posts\/6474\/revisions"}],"predecessor-version":[{"id":6476,"href":"https:\/\/cidadebaixaonline.com.br\/index.php\/wp-json\/wp\/v2\/posts\/6474\/revisions\/6476"}],"wp:featuredmedia":[{"embeddable":true,"href":"https:\/\/cidadebaixaonline.com.br\/index.php\/wp-json\/wp\/v2\/media\/6475"}],"wp:attachment":[{"href":"https:\/\/cidadebaixaonline.com.br\/index.php\/wp-json\/wp\/v2\/media?parent=6474"}],"wp:term":[{"taxonomy":"category","embeddable":true,"href":"https:\/\/cidadebaixaonline.com.br\/index.php\/wp-json\/wp\/v2\/categories?post=6474"},{"taxonomy":"post_tag","embeddable":true,"href":"https:\/\/cidadebaixaonline.com.br\/index.php\/wp-json\/wp\/v2\/tags?post=6474"}],"curies":[{"name":"wp","href":"https:\/\/api.w.org\/{rel}","templated":true}]}}