{"id":6348,"date":"2023-11-29T10:21:07","date_gmt":"2023-11-29T13:21:07","guid":{"rendered":"https:\/\/cidadebaixaonline.com.br\/?p=6348"},"modified":"2023-11-29T10:21:09","modified_gmt":"2023-11-29T13:21:09","slug":"futuro-da-filha-de-sara-mariano-sera-definido-em-audiencia-nesta-quarta-feira","status":"publish","type":"post","link":"https:\/\/cidadebaixaonline.com.br\/index.php\/2023\/11\/29\/futuro-da-filha-de-sara-mariano-sera-definido-em-audiencia-nesta-quarta-feira\/","title":{"rendered":"Futuro da filha de Sara Mariano ser\u00e1 definido em audi\u00eancia nesta quarta-feira"},"content":{"rendered":"\n<p>Ap\u00f3s assassinato da cantora gospel Sara Mariano a mando do pr\u00f3prio marido, Ederlan Mariano, que se encontra preso pelo crime, a guarda filha do casal ser\u00e1 decidida nesta quarta-feira (29), e a menina pode ficar sob os cuidados da fam\u00edlia materna ou paterna.&nbsp;<\/p>\n\n\n\n<p>Na audi\u00eancia, a menina de 11 anos de idade, que est\u00e1 atualmente sendo cuidada pela av\u00f3 paterna, ser\u00e1 ouvida pela primeira vez por um juiz. O caso se deu in\u00edcio quando a av\u00f3 materna da crian\u00e7a, e m\u00e3e da cantora assassinada, pediu a guarda da neta \u00e0 justi\u00e7a baiana.&nbsp;<\/p>\n\n\n\n<p>A crian\u00e7a passou apenas um final de semana com a fam\u00edlia materna ap\u00f3s decis\u00e3o da justi\u00e7a, antes de voltar \u00e0 casa da av\u00f3 paterna, onde esteve desde a pris\u00e3o do pai pelo crime da m\u00e3e.<\/p>\n\n\n\n<p>Fonte: Varela Net <\/p>\n","protected":false},"excerpt":{"rendered":"<p>Ap\u00f3s assassinato da cantora gospel Sara Mariano a mando do pr\u00f3prio marido, Ederlan Mariano, que se encontra preso pelo crime, a guarda filha do casal ser\u00e1 decidida nesta quarta-feira (29), e a menina pode ficar sob os cuidados da fam\u00edlia materna ou paterna.&nbsp; Na audi\u00eancia, a menina de 11 anos de idade, que est\u00e1 atualmente [&hellip;]<\/p>\n","protected":false},"author":2,"featured_media":6349,"comment_status":"open","ping_status":"open","sticky":false,"template":"","format":"standard","meta":{"jnews-multi-image_gallery":[],"jnews_single_post":{"subtitle":"","format":"standard","video":"","gallery":"","source_name":"","source_url":"","via_name":"","via_url":"","override_template":"0","override":[{"template":"1","single_blog_custom":"","parallax":"1","fullscreen":"1","layout":"right-sidebar","sidebar":"default-sidebar","second_sidebar":"default-sidebar","sticky_sidebar":"1","share_position":"top","share_float_style":"share-monocrhome","show_share_counter":"0","show_view_counter":"0","show_featured":"1","show_post_meta":"1","show_post_author":"0","show_post_author_image":"1","show_post_date":"1","post_date_format":"default","post_date_format_custom":"Y\/m\/d","show_post_category":"1","show_post_reading_time":"0","post_reading_time_wpm":"300","show_zoom_button":"0","zoom_button_out_step":"2","zoom_button_in_step":"3","show_post_tag":"1","show_prev_next_post":"1","show_popup_post":"1","number_popup_post":"1","show_author_box":"0","show_post_related":"0","show_inline_post_related":"0"}],"override_image_size":"0","image_override":[{"single_post_thumbnail_size":"no-crop","single_post_gallery_size":"crop-715"}],"trending_post":"0","trending_post_position":"meta","trending_post_label":"Trending","sponsored_post":"0","sponsored_post_label":"Sponsored by","sponsored_post_name":"","sponsored_post_url":"","sponsored_post_logo_enable":"0","sponsored_post_logo":"","sponsored_post_desc":"","disable_ad":"0"},"jnews_primary_category":{"id":"","hide":""},"footnotes":""},"categories":[107],"tags":[],"class_list":["post-6348","post","type-post","status-publish","format-standard","has-post-thumbnail","hentry","category-justica"],"_links":{"self":[{"href":"https:\/\/cidadebaixaonline.com.br\/index.php\/wp-json\/wp\/v2\/posts\/6348","targetHints":{"allow":["GET"]}}],"collection":[{"href":"https:\/\/cidadebaixaonline.com.br\/index.php\/wp-json\/wp\/v2\/posts"}],"about":[{"href":"https:\/\/cidadebaixaonline.com.br\/index.php\/wp-json\/wp\/v2\/types\/post"}],"author":[{"embeddable":true,"href":"https:\/\/cidadebaixaonline.com.br\/index.php\/wp-json\/wp\/v2\/users\/2"}],"replies":[{"embeddable":true,"href":"https:\/\/cidadebaixaonline.com.br\/index.php\/wp-json\/wp\/v2\/comments?post=6348"}],"version-history":[{"count":1,"href":"https:\/\/cidadebaixaonline.com.br\/index.php\/wp-json\/wp\/v2\/posts\/6348\/revisions"}],"predecessor-version":[{"id":6350,"href":"https:\/\/cidadebaixaonline.com.br\/index.php\/wp-json\/wp\/v2\/posts\/6348\/revisions\/6350"}],"wp:featuredmedia":[{"embeddable":true,"href":"https:\/\/cidadebaixaonline.com.br\/index.php\/wp-json\/wp\/v2\/media\/6349"}],"wp:attachment":[{"href":"https:\/\/cidadebaixaonline.com.br\/index.php\/wp-json\/wp\/v2\/media?parent=6348"}],"wp:term":[{"taxonomy":"category","embeddable":true,"href":"https:\/\/cidadebaixaonline.com.br\/index.php\/wp-json\/wp\/v2\/categories?post=6348"},{"taxonomy":"post_tag","embeddable":true,"href":"https:\/\/cidadebaixaonline.com.br\/index.php\/wp-json\/wp\/v2\/tags?post=6348"}],"curies":[{"name":"wp","href":"https:\/\/api.w.org\/{rel}","templated":true}]}}