{"id":6327,"date":"2023-11-28T15:48:41","date_gmt":"2023-11-28T18:48:41","guid":{"rendered":"https:\/\/cidadebaixaonline.com.br\/?p=6327"},"modified":"2023-11-28T15:48:43","modified_gmt":"2023-11-28T18:48:43","slug":"lula-desembarca-na-arabia-onde-apresenta-projetos-de-investimento","status":"publish","type":"post","link":"https:\/\/cidadebaixaonline.com.br\/index.php\/2023\/11\/28\/lula-desembarca-na-arabia-onde-apresenta-projetos-de-investimento\/","title":{"rendered":"Lula desembarca na Ar\u00e1bia onde apresenta projetos de investimento"},"content":{"rendered":"\n<p>O presidente Luiz In\u00e1cio Lula da Silva desembarcou, nesta ter\u00e7a-feira (28), em Riade, capital da Ar\u00e1bia Saudita, para reuni\u00e3o com o pr\u00edncipe herdeiro Mohammed bin Salman, que cumpre as fun\u00e7\u00f5es de chefe de Estado. Lula tamb\u00e9m se encontrar\u00e1 com empres\u00e1rios brasileiros e sauditas.<\/p>\n\n\n\n<p>\u201cVamos apresentar projetos de investimento no Brasil e aumentar as rela\u00e7\u00f5es comerciais e de parceria entre nossos pa\u00edses nos setores de energia, agricultura e tamb\u00e9m na ind\u00fastria. Tamb\u00e9m vamos apresentar os projetos do Novo PAC para investimentos em infraestrutura\u201d, escreveu Lula em publica\u00e7\u00e3o nas redes sociais, ao desembarcar no pa\u00eds.<\/p>\n\n\n\n<p>A agenda com o pr\u00edncipe herdeiro ocorre na tarde de hoje, com uma reuni\u00e3o ampliada com a participa\u00e7\u00e3o de ministros e tamb\u00e9m um encontro privado entre os dois l\u00edderes. Amanh\u00e3 (29), Lula estar\u00e1 em dois eventos empresariais, um de promo\u00e7\u00e3o de produtos da empresa brasileira Embraer e outro da Ag\u00eancia Brasileira de Promo\u00e7\u00e3o de Exporta\u00e7\u00f5es e Investimentos (ApexBrasil).<\/p>\n\n\n\n<p>A expectativa \u00e9 de incremento dos investimentos sauditas no Brasil nos pr\u00f3ximos anos. Segundo o Itamaraty, em outubro de 2019, houve um an\u00fancio da inten\u00e7\u00e3o de se investir algo em torno de US$ 10 bilh\u00f5es, parte dos quais j\u00e1 v\u00eam sendo investidos.<\/p>\n\n\n\n<p>Ap\u00f3s os eventos na capital saudita, Lula segue para Doha, no Catar, onde tamb\u00e9m aproveitar\u00e1 o contato com lideran\u00e7as pol\u00edticas e empresariais para aprofundar e diversificar a rela\u00e7\u00e3o bilateral.<\/p>\n\n\n\n<p>Al\u00e9m disso, o presidente deve tratar da guerra entre Israel e o grupo pol\u00edtico-militar palestino Hamas, que controla da Faixa de Gaza. O Catar \u00e9 um interlocutor junto ao Hamas para negocia\u00e7\u00f5es em rela\u00e7\u00e3o ao conflito.<\/p>\n\n\n\n<p>As agendas no Catar ocorrem na quinta-feira (30). No mesmo dia, na sequ\u00eancia da visita ao Oriente M\u00e9dio, a comitiva presidencial desembarca em Dubai, nos Emirados \u00c1rabes, para participar da 28\u00aa Confer\u00eancia das Na\u00e7\u00f5es Unidas sobre Mudan\u00e7a do Clima (COP 28).<\/p>\n\n\n\n<p>A COP 28 dever\u00e1 fazer um balan\u00e7o da implementa\u00e7\u00e3o do Acordo de Paris \u2013 estabelecido na COP 21, em 2015. O Brasil dever\u00e1 endossar o compromisso de manter o aumento da temperatura m\u00e9dia global em 1,5\u00b0C acima dos n\u00edveis pr\u00e9-industriais, al\u00e9m de cobrar recursos para repara\u00e7\u00e3o e para uma transi\u00e7\u00e3o justa para os pa\u00edses em desenvolvimento.<\/p>\n\n\n\n<p>Embora a confer\u00eancia do clima s\u00f3 termine no dia 12 de dezembro, Lula deve deixar os Emirados \u00c1rabes no dia 2 de dezembro. Do Oriente M\u00e9dio, o presidente e parte de sua comitiva viajar\u00e3o \u00e0 Alemanha, onde Lula se reunir\u00e1 com o presidente Frank-Walter Steinmeier e com o primeiro-ministro Olaf Scholz. A Alemanha \u00e9 um dos pa\u00edses que defendem a assinatura do acordo Mercosul-Uni\u00e3o Europeia e a oitava maior fonte de investimentos no Brasil.<\/p>\n\n\n\n<p>Fonte: Agencia Brasil<\/p>\n","protected":false},"excerpt":{"rendered":"<p>O presidente Luiz In\u00e1cio Lula da Silva desembarcou, nesta ter\u00e7a-feira (28), em Riade, capital da Ar\u00e1bia Saudita, para reuni\u00e3o com o pr\u00edncipe herdeiro Mohammed bin Salman, que cumpre as fun\u00e7\u00f5es de chefe de Estado. Lula tamb\u00e9m se encontrar\u00e1 com empres\u00e1rios brasileiros e sauditas. \u201cVamos apresentar projetos de investimento no Brasil e aumentar as rela\u00e7\u00f5es comerciais [&hellip;]<\/p>\n","protected":false},"author":2,"featured_media":6328,"comment_status":"open","ping_status":"open","sticky":false,"template":"","format":"standard","meta":{"jnews-multi-image_gallery":[],"jnews_single_post":{"subtitle":"","format":"standard","video":"","gallery":"","source_name":"","source_url":"","via_name":"","via_url":"","override_template":"0","override":[{"template":"1","single_blog_custom":"","parallax":"1","fullscreen":"1","layout":"right-sidebar","sidebar":"default-sidebar","second_sidebar":"default-sidebar","sticky_sidebar":"1","share_position":"top","share_float_style":"share-monocrhome","show_share_counter":"0","show_view_counter":"0","show_featured":"1","show_post_meta":"1","show_post_author":"0","show_post_author_image":"1","show_post_date":"1","post_date_format":"default","post_date_format_custom":"Y\/m\/d","show_post_category":"1","show_post_reading_time":"0","post_reading_time_wpm":"300","show_zoom_button":"0","zoom_button_out_step":"2","zoom_button_in_step":"3","show_post_tag":"1","show_prev_next_post":"1","show_popup_post":"1","number_popup_post":"1","show_author_box":"0","show_post_related":"0","show_inline_post_related":"0"}],"override_image_size":"0","image_override":[{"single_post_thumbnail_size":"no-crop","single_post_gallery_size":"crop-715"}],"trending_post":"0","trending_post_position":"meta","trending_post_label":"Trending","sponsored_post":"0","sponsored_post_label":"Sponsored by","sponsored_post_name":"","sponsored_post_url":"","sponsored_post_logo_enable":"0","sponsored_post_logo":"","sponsored_post_desc":"","disable_ad":"0"},"jnews_primary_category":{"id":"","hide":""},"footnotes":""},"categories":[91],"tags":[],"class_list":["post-6327","post","type-post","status-publish","format-standard","has-post-thumbnail","hentry","category-politica"],"_links":{"self":[{"href":"https:\/\/cidadebaixaonline.com.br\/index.php\/wp-json\/wp\/v2\/posts\/6327","targetHints":{"allow":["GET"]}}],"collection":[{"href":"https:\/\/cidadebaixaonline.com.br\/index.php\/wp-json\/wp\/v2\/posts"}],"about":[{"href":"https:\/\/cidadebaixaonline.com.br\/index.php\/wp-json\/wp\/v2\/types\/post"}],"author":[{"embeddable":true,"href":"https:\/\/cidadebaixaonline.com.br\/index.php\/wp-json\/wp\/v2\/users\/2"}],"replies":[{"embeddable":true,"href":"https:\/\/cidadebaixaonline.com.br\/index.php\/wp-json\/wp\/v2\/comments?post=6327"}],"version-history":[{"count":1,"href":"https:\/\/cidadebaixaonline.com.br\/index.php\/wp-json\/wp\/v2\/posts\/6327\/revisions"}],"predecessor-version":[{"id":6329,"href":"https:\/\/cidadebaixaonline.com.br\/index.php\/wp-json\/wp\/v2\/posts\/6327\/revisions\/6329"}],"wp:featuredmedia":[{"embeddable":true,"href":"https:\/\/cidadebaixaonline.com.br\/index.php\/wp-json\/wp\/v2\/media\/6328"}],"wp:attachment":[{"href":"https:\/\/cidadebaixaonline.com.br\/index.php\/wp-json\/wp\/v2\/media?parent=6327"}],"wp:term":[{"taxonomy":"category","embeddable":true,"href":"https:\/\/cidadebaixaonline.com.br\/index.php\/wp-json\/wp\/v2\/categories?post=6327"},{"taxonomy":"post_tag","embeddable":true,"href":"https:\/\/cidadebaixaonline.com.br\/index.php\/wp-json\/wp\/v2\/tags?post=6327"}],"curies":[{"name":"wp","href":"https:\/\/api.w.org\/{rel}","templated":true}]}}