{"id":6312,"date":"2023-11-28T13:59:51","date_gmt":"2023-11-28T16:59:51","guid":{"rendered":"https:\/\/cidadebaixaonline.com.br\/?p=6312"},"modified":"2023-11-28T13:59:53","modified_gmt":"2023-11-28T16:59:53","slug":"pec-do-mandato-fixo-para-stf-deve-ser-pautada-em-2024-diz-pacheco","status":"publish","type":"post","link":"https:\/\/cidadebaixaonline.com.br\/index.php\/2023\/11\/28\/pec-do-mandato-fixo-para-stf-deve-ser-pautada-em-2024-diz-pacheco\/","title":{"rendered":"PEC do mandato fixo para STF deve ser pautada em 2024, diz Pacheco"},"content":{"rendered":"\n<p>Ap\u00f3s a aprova\u00e7\u00e3o da PEC que limita as decis\u00f5es individuais de ministros do Supremo Tribunal Federal (STF), o Senado j\u00e1 se organiza para vota\u00e7\u00e3o de uma outra PEC, que estabelece mandato fixo para os integrantes da Corte.&nbsp;<\/p>\n\n\n\n<p>O presidente do Senado, Rodrigo Pacheco (PSD-MG), afirmou ao blog de Andr\u00e9ia Sadi, do g1, nesta ter\u00e7a-feira (28), que ir\u00e1 pautar a PEC no primeiro semestre de 2024. Conforme o senador, h\u00e1 magistrados a favor da pauta.<\/p>\n\n\n\n<p>Pacheco diz que a PEC do mandato fixo \u00e9 importante, tanto que a utilizou como promessa durante a campanha de reelei\u00e7\u00e3o \u00e0 presid\u00eancia do Senado. A proposta \u00e9 de autoria do senador Pl\u00ednio Val\u00e9rio (PSD-AM) e estabelece mandato de oito anos. Aliado a esta limita\u00e7\u00e3o, a Casa ainda deve debater a mudan\u00e7a na idade m\u00ednima para indica\u00e7\u00e3o ao cargo de ministro do STF, dos atuais 35 para 45 anos.&nbsp;<\/p>\n\n\n\n<p>Caso aprovada, a regra n\u00e3o valeria para nenhum ministro atual do Supremo e tamb\u00e9m n\u00e3o deve atingir o mais novo indicado do presidente Luiz In\u00e1cio Lula da Silva (PT) ao cargo de ministro, Fl\u00e1vio Dino.\u00a0<\/p>\n\n\n\n<p>Fonte: Bahia Not\u00edcias <\/p>\n","protected":false},"excerpt":{"rendered":"<p>Ap\u00f3s a aprova\u00e7\u00e3o da PEC que limita as decis\u00f5es individuais de ministros do Supremo Tribunal Federal (STF), o Senado j\u00e1 se organiza para vota\u00e7\u00e3o de uma outra PEC, que estabelece mandato fixo para os integrantes da Corte.&nbsp; O presidente do Senado, Rodrigo Pacheco (PSD-MG), afirmou ao blog de Andr\u00e9ia Sadi, do g1, nesta ter\u00e7a-feira (28), [&hellip;]<\/p>\n","protected":false},"author":2,"featured_media":6313,"comment_status":"open","ping_status":"open","sticky":false,"template":"","format":"standard","meta":{"jnews-multi-image_gallery":[],"jnews_single_post":{"subtitle":"","format":"standard","video":"","gallery":"","source_name":"","source_url":"","via_name":"","via_url":"","override_template":"0","override":[{"template":"1","single_blog_custom":"","parallax":"1","fullscreen":"1","layout":"right-sidebar","sidebar":"default-sidebar","second_sidebar":"default-sidebar","sticky_sidebar":"1","share_position":"top","share_float_style":"share-monocrhome","show_share_counter":"0","show_view_counter":"0","show_featured":"1","show_post_meta":"1","show_post_author":"0","show_post_author_image":"1","show_post_date":"1","post_date_format":"default","post_date_format_custom":"Y\/m\/d","show_post_category":"1","show_post_reading_time":"0","post_reading_time_wpm":"300","show_zoom_button":"0","zoom_button_out_step":"2","zoom_button_in_step":"3","show_post_tag":"1","show_prev_next_post":"1","show_popup_post":"1","number_popup_post":"1","show_author_box":"0","show_post_related":"0","show_inline_post_related":"0"}],"override_image_size":"0","image_override":[{"single_post_thumbnail_size":"no-crop","single_post_gallery_size":"crop-715"}],"trending_post":"0","trending_post_position":"meta","trending_post_label":"Trending","sponsored_post":"0","sponsored_post_label":"Sponsored by","sponsored_post_name":"","sponsored_post_url":"","sponsored_post_logo_enable":"0","sponsored_post_logo":"","sponsored_post_desc":"","disable_ad":"0"},"jnews_primary_category":{"id":"","hide":""},"footnotes":""},"categories":[107],"tags":[],"class_list":["post-6312","post","type-post","status-publish","format-standard","has-post-thumbnail","hentry","category-justica"],"_links":{"self":[{"href":"https:\/\/cidadebaixaonline.com.br\/index.php\/wp-json\/wp\/v2\/posts\/6312","targetHints":{"allow":["GET"]}}],"collection":[{"href":"https:\/\/cidadebaixaonline.com.br\/index.php\/wp-json\/wp\/v2\/posts"}],"about":[{"href":"https:\/\/cidadebaixaonline.com.br\/index.php\/wp-json\/wp\/v2\/types\/post"}],"author":[{"embeddable":true,"href":"https:\/\/cidadebaixaonline.com.br\/index.php\/wp-json\/wp\/v2\/users\/2"}],"replies":[{"embeddable":true,"href":"https:\/\/cidadebaixaonline.com.br\/index.php\/wp-json\/wp\/v2\/comments?post=6312"}],"version-history":[{"count":1,"href":"https:\/\/cidadebaixaonline.com.br\/index.php\/wp-json\/wp\/v2\/posts\/6312\/revisions"}],"predecessor-version":[{"id":6314,"href":"https:\/\/cidadebaixaonline.com.br\/index.php\/wp-json\/wp\/v2\/posts\/6312\/revisions\/6314"}],"wp:featuredmedia":[{"embeddable":true,"href":"https:\/\/cidadebaixaonline.com.br\/index.php\/wp-json\/wp\/v2\/media\/6313"}],"wp:attachment":[{"href":"https:\/\/cidadebaixaonline.com.br\/index.php\/wp-json\/wp\/v2\/media?parent=6312"}],"wp:term":[{"taxonomy":"category","embeddable":true,"href":"https:\/\/cidadebaixaonline.com.br\/index.php\/wp-json\/wp\/v2\/categories?post=6312"},{"taxonomy":"post_tag","embeddable":true,"href":"https:\/\/cidadebaixaonline.com.br\/index.php\/wp-json\/wp\/v2\/tags?post=6312"}],"curies":[{"name":"wp","href":"https:\/\/api.w.org\/{rel}","templated":true}]}}