{"id":6278,"date":"2023-11-28T10:24:43","date_gmt":"2023-11-28T13:24:43","guid":{"rendered":"https:\/\/cidadebaixaonline.com.br\/?p=6278"},"modified":"2023-11-28T10:24:44","modified_gmt":"2023-11-28T13:24:44","slug":"programa-vai-oferecer-6-meses-de-capacitacao-gratuita-para-jovens-de-salvador","status":"publish","type":"post","link":"https:\/\/cidadebaixaonline.com.br\/index.php\/2023\/11\/28\/programa-vai-oferecer-6-meses-de-capacitacao-gratuita-para-jovens-de-salvador\/","title":{"rendered":"Programa vai oferecer 6 meses de capacita\u00e7\u00e3o gratuita para jovens de Salvador"},"content":{"rendered":"\n<p>Ser\u00e3o seis meses de capacita\u00e7\u00e3o, com aulas presenciais em escola e outros equipamentos da prefeitura, e com possibilidade de contrata\u00e7\u00e3o ap\u00f3s a forma\u00e7\u00e3o. Os cursos ser\u00e3o nas \u00e1reas de sa\u00fade, constru\u00e7\u00e3o civil, turismo, varejo e arte e entretenimento. O Programa Gera\u00e7\u00e3o SSA foi lan\u00e7ado nesta segunda-feira (27) e tem 6 mil vagas. As inscri\u00e7\u00f5es podem ser realizadas atrav\u00e9s do portal&nbsp;<a rel=\"noreferrer noopener\" href=\"https:\/\/treinarparaempregar.salvador.ba.gov.br\/geracao-ssa-inscricao\/\" target=\"_blank\">Treinar para Empregar<\/a>.<\/p>\n\n\n\n<p>Na pr\u00e1tica, o estudante faz a inscri\u00e7\u00e3o, atrav\u00e9s do site ou em uma das prefeituras-bairro, e aguarda o in\u00edcio das aulas, em fevereiro, ap\u00f3s o per\u00edodo de Carnaval. As primeiras 122h ser\u00e3o dedicadas a uma forma\u00e7\u00e3o b\u00e1sica sobre o mundo coorporativo e o ambiente de neg\u00f3cios, com mentores de empresas privadas e encontros presenciais. Depois, o estudante escolhe uma das \u00e1reas acima e continua a capacita\u00e7\u00e3o on-line.<\/p>\n\n\n\n<p>O prefeito Bruno Reis (Uni\u00e3o Brasil) afirmou que o objetivo \u00e9 atender pessoas entre 16 e 25 anos, p\u00fablico que tem feito menos uso dos cursos oferecidos em outras plataformas como Salvador Tech e Treinar para Empregar. O investimento foi de R$ 4 milh\u00f5es e o programa ser\u00e1 desenvolvido pela Escola do Caos, empresa especializada na forma\u00e7\u00e3o de profissionais para o mercado coorporativo.<\/p>\n\n\n\n<p>\u201cVamos formar os jovens para que eles possam ser inseridos no mercado de trabalho e conquistar o primeiro emprego. Identificamos a oferta de vagas nos principais segmentos da nossa cidade e vamos treinar essa juventude para que ela possa atuar e garantir seu sal\u00e1rio para que com isso possa realizar seus sonhos\u201d, disse o prefeito.<\/p>\n\n\n\n<p>Fonte: Jornal Correio <\/p>\n","protected":false},"excerpt":{"rendered":"<p>Ser\u00e3o seis meses de capacita\u00e7\u00e3o, com aulas presenciais em escola e outros equipamentos da prefeitura, e com possibilidade de contrata\u00e7\u00e3o ap\u00f3s a forma\u00e7\u00e3o. Os cursos ser\u00e3o nas \u00e1reas de sa\u00fade, constru\u00e7\u00e3o civil, turismo, varejo e arte e entretenimento. O Programa Gera\u00e7\u00e3o SSA foi lan\u00e7ado nesta segunda-feira (27) e tem 6 mil vagas. As inscri\u00e7\u00f5es podem [&hellip;]<\/p>\n","protected":false},"author":2,"featured_media":6279,"comment_status":"open","ping_status":"open","sticky":false,"template":"","format":"standard","meta":{"jnews-multi-image_gallery":[],"jnews_single_post":{"subtitle":"","format":"standard","video":"","gallery":"","source_name":"","source_url":"","via_name":"","via_url":"","override_template":"0","override":[{"template":"1","single_blog_custom":"","parallax":"1","fullscreen":"1","layout":"right-sidebar","sidebar":"default-sidebar","second_sidebar":"default-sidebar","sticky_sidebar":"1","share_position":"top","share_float_style":"share-monocrhome","show_share_counter":"0","show_view_counter":"0","show_featured":"1","show_post_meta":"1","show_post_author":"0","show_post_author_image":"1","show_post_date":"1","post_date_format":"default","post_date_format_custom":"Y\/m\/d","show_post_category":"1","show_post_reading_time":"0","post_reading_time_wpm":"300","show_zoom_button":"0","zoom_button_out_step":"2","zoom_button_in_step":"3","show_post_tag":"1","show_prev_next_post":"1","show_popup_post":"1","number_popup_post":"1","show_author_box":"0","show_post_related":"0","show_inline_post_related":"0"}],"override_image_size":"0","image_override":[{"single_post_thumbnail_size":"no-crop","single_post_gallery_size":"crop-715"}],"trending_post":"0","trending_post_position":"meta","trending_post_label":"Trending","sponsored_post":"0","sponsored_post_label":"Sponsored by","sponsored_post_name":"","sponsored_post_url":"","sponsored_post_logo_enable":"0","sponsored_post_logo":"","sponsored_post_desc":"","disable_ad":"0"},"jnews_primary_category":{"id":"","hide":""},"footnotes":""},"categories":[85],"tags":[],"class_list":["post-6278","post","type-post","status-publish","format-standard","has-post-thumbnail","hentry","category-noticias"],"_links":{"self":[{"href":"https:\/\/cidadebaixaonline.com.br\/index.php\/wp-json\/wp\/v2\/posts\/6278","targetHints":{"allow":["GET"]}}],"collection":[{"href":"https:\/\/cidadebaixaonline.com.br\/index.php\/wp-json\/wp\/v2\/posts"}],"about":[{"href":"https:\/\/cidadebaixaonline.com.br\/index.php\/wp-json\/wp\/v2\/types\/post"}],"author":[{"embeddable":true,"href":"https:\/\/cidadebaixaonline.com.br\/index.php\/wp-json\/wp\/v2\/users\/2"}],"replies":[{"embeddable":true,"href":"https:\/\/cidadebaixaonline.com.br\/index.php\/wp-json\/wp\/v2\/comments?post=6278"}],"version-history":[{"count":1,"href":"https:\/\/cidadebaixaonline.com.br\/index.php\/wp-json\/wp\/v2\/posts\/6278\/revisions"}],"predecessor-version":[{"id":6280,"href":"https:\/\/cidadebaixaonline.com.br\/index.php\/wp-json\/wp\/v2\/posts\/6278\/revisions\/6280"}],"wp:featuredmedia":[{"embeddable":true,"href":"https:\/\/cidadebaixaonline.com.br\/index.php\/wp-json\/wp\/v2\/media\/6279"}],"wp:attachment":[{"href":"https:\/\/cidadebaixaonline.com.br\/index.php\/wp-json\/wp\/v2\/media?parent=6278"}],"wp:term":[{"taxonomy":"category","embeddable":true,"href":"https:\/\/cidadebaixaonline.com.br\/index.php\/wp-json\/wp\/v2\/categories?post=6278"},{"taxonomy":"post_tag","embeddable":true,"href":"https:\/\/cidadebaixaonline.com.br\/index.php\/wp-json\/wp\/v2\/tags?post=6278"}],"curies":[{"name":"wp","href":"https:\/\/api.w.org\/{rel}","templated":true}]}}