{"id":6272,"date":"2023-11-28T10:17:48","date_gmt":"2023-11-28T13:17:48","guid":{"rendered":"https:\/\/cidadebaixaonline.com.br\/?p=6272"},"modified":"2023-11-28T10:17:51","modified_gmt":"2023-11-28T13:17:51","slug":"mutirao-para-prevencao-ao-cancer-de-pele-acontece-em-salvador","status":"publish","type":"post","link":"https:\/\/cidadebaixaonline.com.br\/index.php\/2023\/11\/28\/mutirao-para-prevencao-ao-cancer-de-pele-acontece-em-salvador\/","title":{"rendered":"Mutir\u00e3o para preven\u00e7\u00e3o ao c\u00e2ncer de pele acontece em Salvador"},"content":{"rendered":"\n<p>Um mutir\u00e3o de sa\u00fade voltado para a preven\u00e7\u00e3o do c\u00e2ncer de pele ser\u00e1 realizado em&nbsp;Salvador, Feira de Santana e Vit\u00f3ria da Conquista, no dia 2 de dezembro. A a\u00e7\u00e3o vai oferecer mais de 300 atendimentos gratuitos.<\/p>\n\n\n\n<p>Os pacientes ser\u00e3o examinados em busca de les\u00f5es suspeitas da doen\u00e7a, e se for constatada a presen\u00e7a de&nbsp;sinais cancer\u00edgenos, eles ser\u00e3o encaminhados para fazer a remo\u00e7\u00e3o da les\u00e3o. O p\u00fablico presente tamb\u00e9m receber\u00e1 orienta\u00e7\u00f5es de como se prevenir contra a doen\u00e7a. <\/p>\n\n\n\n<p>\u00c9 importante destacar que n\u00e3o ser\u00e3o tratadas&nbsp;outras dermatoses&nbsp;que n\u00e3o les\u00f5es suspeitas de c\u00e2ncer de pele.<\/p>\n\n\n\n<p>Os interessados em participar do mutir\u00e3o em Salvador devem ir as seguintes unidade de sa\u00fade: Hospital Santa Izabel, Hospital Santo Ant\u00f4nio, Hospital Aristides Maltez ou ao CICAN. As atividades acontecem das 9h \u00e0s 15h.<\/p>\n\n\n\n<p>A a\u00e7\u00e3o da&nbsp;Sociedade Brasileira de Dermatologia&nbsp;&#8211; Regional Bahia (SBD-BA) faz parte do &#8220;Dezembro Laranja&#8221;.<\/p>\n\n\n\n<h4 class=\"wp-block-heading\">O que provoca o c\u00e2ncer de pele<\/h4>\n\n\n\n<p>O&nbsp;maior causador da doen\u00e7a&nbsp;\u00e9 o excesso de exposi\u00e7\u00e3o aos raios ultravioleta do sol. Pessoas de pele clara, baixa imunidade, idade avan\u00e7ada ou com hist\u00f3rico da enfermidade na fam\u00edlia devem ter cuidado redobrado e se submeter a exames preventivos regularmente.<\/p>\n\n\n\n<p>A doen\u00e7a \u00e9 provocada pelo crescimento anormal e descontrolado das c\u00e9lulas que comp\u00f5em a pele, formando camadas e les\u00f5es. Dentre os tipos de c\u00e2ncer de pele n\u00e3o melanoma, os mais comuns s\u00e3o os carcinomas basocelulares e epidermoides, sendo, o primeiro, uma vers\u00e3o menos agressiva, enquanto o outro pode apresentar met\u00e1stase.<\/p>\n\n\n\n<p>Fonte: Reprodu\u00e7\u00e3o\/Internet <\/p>\n","protected":false},"excerpt":{"rendered":"<p>Um mutir\u00e3o de sa\u00fade voltado para a preven\u00e7\u00e3o do c\u00e2ncer de pele ser\u00e1 realizado em&nbsp;Salvador, Feira de Santana e Vit\u00f3ria da Conquista, no dia 2 de dezembro. A a\u00e7\u00e3o vai oferecer mais de 300 atendimentos gratuitos. Os pacientes ser\u00e3o examinados em busca de les\u00f5es suspeitas da doen\u00e7a, e se for constatada a presen\u00e7a de&nbsp;sinais cancer\u00edgenos, [&hellip;]<\/p>\n","protected":false},"author":2,"featured_media":6273,"comment_status":"open","ping_status":"open","sticky":false,"template":"","format":"standard","meta":{"jnews-multi-image_gallery":[],"jnews_single_post":{"subtitle":"","format":"standard","video":"","gallery":"","source_name":"","source_url":"","via_name":"","via_url":"","override_template":"0","override":[{"template":"1","single_blog_custom":"","parallax":"1","fullscreen":"1","layout":"right-sidebar","sidebar":"default-sidebar","second_sidebar":"default-sidebar","sticky_sidebar":"1","share_position":"top","share_float_style":"share-monocrhome","show_share_counter":"0","show_view_counter":"0","show_featured":"1","show_post_meta":"1","show_post_author":"0","show_post_author_image":"1","show_post_date":"1","post_date_format":"default","post_date_format_custom":"Y\/m\/d","show_post_category":"1","show_post_reading_time":"0","post_reading_time_wpm":"300","show_zoom_button":"0","zoom_button_out_step":"2","zoom_button_in_step":"3","show_post_tag":"1","show_prev_next_post":"1","show_popup_post":"1","number_popup_post":"1","show_author_box":"0","show_post_related":"0","show_inline_post_related":"0"}],"override_image_size":"0","image_override":[{"single_post_thumbnail_size":"no-crop","single_post_gallery_size":"crop-715"}],"trending_post":"0","trending_post_position":"meta","trending_post_label":"Trending","sponsored_post":"0","sponsored_post_label":"Sponsored by","sponsored_post_name":"","sponsored_post_url":"","sponsored_post_logo_enable":"0","sponsored_post_logo":"","sponsored_post_desc":"","disable_ad":"0"},"jnews_primary_category":{"id":"","hide":""},"footnotes":""},"categories":[94],"tags":[],"class_list":["post-6272","post","type-post","status-publish","format-standard","has-post-thumbnail","hentry","category-saude-2"],"_links":{"self":[{"href":"https:\/\/cidadebaixaonline.com.br\/index.php\/wp-json\/wp\/v2\/posts\/6272","targetHints":{"allow":["GET"]}}],"collection":[{"href":"https:\/\/cidadebaixaonline.com.br\/index.php\/wp-json\/wp\/v2\/posts"}],"about":[{"href":"https:\/\/cidadebaixaonline.com.br\/index.php\/wp-json\/wp\/v2\/types\/post"}],"author":[{"embeddable":true,"href":"https:\/\/cidadebaixaonline.com.br\/index.php\/wp-json\/wp\/v2\/users\/2"}],"replies":[{"embeddable":true,"href":"https:\/\/cidadebaixaonline.com.br\/index.php\/wp-json\/wp\/v2\/comments?post=6272"}],"version-history":[{"count":1,"href":"https:\/\/cidadebaixaonline.com.br\/index.php\/wp-json\/wp\/v2\/posts\/6272\/revisions"}],"predecessor-version":[{"id":6274,"href":"https:\/\/cidadebaixaonline.com.br\/index.php\/wp-json\/wp\/v2\/posts\/6272\/revisions\/6274"}],"wp:featuredmedia":[{"embeddable":true,"href":"https:\/\/cidadebaixaonline.com.br\/index.php\/wp-json\/wp\/v2\/media\/6273"}],"wp:attachment":[{"href":"https:\/\/cidadebaixaonline.com.br\/index.php\/wp-json\/wp\/v2\/media?parent=6272"}],"wp:term":[{"taxonomy":"category","embeddable":true,"href":"https:\/\/cidadebaixaonline.com.br\/index.php\/wp-json\/wp\/v2\/categories?post=6272"},{"taxonomy":"post_tag","embeddable":true,"href":"https:\/\/cidadebaixaonline.com.br\/index.php\/wp-json\/wp\/v2\/tags?post=6272"}],"curies":[{"name":"wp","href":"https:\/\/api.w.org\/{rel}","templated":true}]}}