{"id":6268,"date":"2023-11-27T15:11:50","date_gmt":"2023-11-27T18:11:50","guid":{"rendered":"https:\/\/cidadebaixaonline.com.br\/?p=6268"},"modified":"2023-11-27T15:11:52","modified_gmt":"2023-11-27T18:11:52","slug":"cristiano-osvaldo-tem-contrato-renovado-com-o-vitoria-por-mais-um-ano","status":"publish","type":"post","link":"https:\/\/cidadebaixaonline.com.br\/index.php\/2023\/11\/27\/cristiano-osvaldo-tem-contrato-renovado-com-o-vitoria-por-mais-um-ano\/","title":{"rendered":"&#8220;Cristiano Osvaldo&#8221; tem contrato renovado com o Vit\u00f3ria por mais um ano"},"content":{"rendered":"\n<p>Apelidado carinhosamente pela torcida como &#8220;Cristiano Osvaldo&#8221;, o atacante Osvaldo renovou o contrato com o Vit\u00f3ria por mais um ano. A informa\u00e7\u00e3o foi divulgada inicialmente pelo jornalista Pedro Sento S\u00e9 e confirmada pelo Bahia Not\u00edcias junto \u00e0 diretoria rubro-negra.\u00a0<\/p>\n\n\n\n<p>Destaque do Le\u00e3o na S\u00e9rie B, o atleta de 36 anos acertou com o clube um sal\u00e1rio fixo com b\u00f4nus por produtividade. Em 2023, ele marcou oito gols e deu 10 assist\u00eancias em 50 jogos.\u00a0<\/p>\n\n\n\n<p>Dentre os que tinham contrato se encerrando, Osvaldo \u00e9 o segundo jogador a estender o v\u00ednculo com o Vit\u00f3ria. O zagueiro Camutanga, de 30 anos,\u00a0tamb\u00e9m ficar\u00e1 no Le\u00e3o por mais um ano.\u00a0<\/p>\n\n\n\n<p>A partir de agora, as prioridades da diretoria s\u00e3o as renova\u00e7\u00f5es com o volante Rodrigo Andrade e com o lateral-direito Zeca.\u00a0<\/p>\n\n\n\n<p>Em 2024, o Rubro-Negro baiano disputar\u00e1 o Campeonato Baiano, a Copa do Nordeste, a Copa do Brasil e a S\u00e9rie A do Campeonato Brasileiro.<\/p>\n\n\n\n<p>Fonte: Bahia Not\u00edcias <\/p>\n","protected":false},"excerpt":{"rendered":"<p>Apelidado carinhosamente pela torcida como &#8220;Cristiano Osvaldo&#8221;, o atacante Osvaldo renovou o contrato com o Vit\u00f3ria por mais um ano. A informa\u00e7\u00e3o foi divulgada inicialmente pelo jornalista Pedro Sento S\u00e9 e confirmada pelo Bahia Not\u00edcias junto \u00e0 diretoria rubro-negra.\u00a0 Destaque do Le\u00e3o na S\u00e9rie B, o atleta de 36 anos acertou com o clube um [&hellip;]<\/p>\n","protected":false},"author":2,"featured_media":6269,"comment_status":"open","ping_status":"open","sticky":false,"template":"","format":"standard","meta":{"jnews-multi-image_gallery":[],"jnews_single_post":{"subtitle":"","format":"standard","video":"","gallery":"","source_name":"","source_url":"","via_name":"","via_url":"","override_template":"0","override":[{"template":"1","single_blog_custom":"","parallax":"1","fullscreen":"1","layout":"right-sidebar","sidebar":"default-sidebar","second_sidebar":"default-sidebar","sticky_sidebar":"1","share_position":"top","share_float_style":"share-monocrhome","show_share_counter":"0","show_view_counter":"0","show_featured":"1","show_post_meta":"1","show_post_author":"0","show_post_author_image":"1","show_post_date":"1","post_date_format":"default","post_date_format_custom":"Y\/m\/d","show_post_category":"1","show_post_reading_time":"0","post_reading_time_wpm":"300","show_zoom_button":"0","zoom_button_out_step":"2","zoom_button_in_step":"3","show_post_tag":"1","show_prev_next_post":"1","show_popup_post":"1","number_popup_post":"1","show_author_box":"0","show_post_related":"0","show_inline_post_related":"0"}],"override_image_size":"0","image_override":[{"single_post_thumbnail_size":"no-crop","single_post_gallery_size":"crop-715"}],"trending_post":"0","trending_post_position":"meta","trending_post_label":"Trending","sponsored_post":"0","sponsored_post_label":"Sponsored by","sponsored_post_name":"","sponsored_post_url":"","sponsored_post_logo_enable":"0","sponsored_post_logo":"","sponsored_post_desc":"","disable_ad":"0"},"jnews_primary_category":{"id":"","hide":""},"footnotes":""},"categories":[89],"tags":[],"class_list":["post-6268","post","type-post","status-publish","format-standard","has-post-thumbnail","hentry","category-esportes"],"_links":{"self":[{"href":"https:\/\/cidadebaixaonline.com.br\/index.php\/wp-json\/wp\/v2\/posts\/6268","targetHints":{"allow":["GET"]}}],"collection":[{"href":"https:\/\/cidadebaixaonline.com.br\/index.php\/wp-json\/wp\/v2\/posts"}],"about":[{"href":"https:\/\/cidadebaixaonline.com.br\/index.php\/wp-json\/wp\/v2\/types\/post"}],"author":[{"embeddable":true,"href":"https:\/\/cidadebaixaonline.com.br\/index.php\/wp-json\/wp\/v2\/users\/2"}],"replies":[{"embeddable":true,"href":"https:\/\/cidadebaixaonline.com.br\/index.php\/wp-json\/wp\/v2\/comments?post=6268"}],"version-history":[{"count":1,"href":"https:\/\/cidadebaixaonline.com.br\/index.php\/wp-json\/wp\/v2\/posts\/6268\/revisions"}],"predecessor-version":[{"id":6270,"href":"https:\/\/cidadebaixaonline.com.br\/index.php\/wp-json\/wp\/v2\/posts\/6268\/revisions\/6270"}],"wp:featuredmedia":[{"embeddable":true,"href":"https:\/\/cidadebaixaonline.com.br\/index.php\/wp-json\/wp\/v2\/media\/6269"}],"wp:attachment":[{"href":"https:\/\/cidadebaixaonline.com.br\/index.php\/wp-json\/wp\/v2\/media?parent=6268"}],"wp:term":[{"taxonomy":"category","embeddable":true,"href":"https:\/\/cidadebaixaonline.com.br\/index.php\/wp-json\/wp\/v2\/categories?post=6268"},{"taxonomy":"post_tag","embeddable":true,"href":"https:\/\/cidadebaixaonline.com.br\/index.php\/wp-json\/wp\/v2\/tags?post=6268"}],"curies":[{"name":"wp","href":"https:\/\/api.w.org\/{rel}","templated":true}]}}