{"id":6240,"date":"2023-11-27T11:35:35","date_gmt":"2023-11-27T14:35:35","guid":{"rendered":"https:\/\/cidadebaixaonline.com.br\/?p=6240"},"modified":"2023-11-27T11:35:36","modified_gmt":"2023-11-27T14:35:36","slug":"salvador-sediara-17o-encontro-nacional-do-poder-judiciario-em-dezembro","status":"publish","type":"post","link":"https:\/\/cidadebaixaonline.com.br\/index.php\/2023\/11\/27\/salvador-sediara-17o-encontro-nacional-do-poder-judiciario-em-dezembro\/","title":{"rendered":"Salvador sediar\u00e1 17\u00ba Encontro Nacional do Poder Judici\u00e1rio em dezembro"},"content":{"rendered":"\n<p>Nos dias 4 e 5 de dezembro, o Centro de Conven\u00e7\u00f5es de Salvador ser\u00e1 palco para o 17\u00ba Encontro Nacional do Poder Judici\u00e1rio (ENPJ), evento promovido pelo Conselho Nacional de Justi\u00e7a (CNJ). Presidentes e gestores dos 92 tribunais brasileiros marcar\u00e3o presen\u00e7a. A iniciativa tamb\u00e9m marca a aprova\u00e7\u00e3o das Metas Nacionais do Poder Judici\u00e1rio para o ano de 2024.<br>\u00a0Com apoio do Tribunal de Justi\u00e7a da Bahia (TJ-BA), a solenidade de abertura do encontro ser\u00e1 \u00e0s 19h do dia 4, pr\u00f3xima segunda-feira, seguida por uma confer\u00eancia magna. Os nomes dos palestrantes ainda n\u00e3o foram divulgados.<\/p>\n\n\n\n<p>Temas relevantes para a Justi\u00e7a brasileira ser\u00e3o debatidos ao longo da programa\u00e7\u00e3o e ser\u00e3o apresentadas as pol\u00edticas judici\u00e1rias do CNJ e o monitoramento da Estrat\u00e9gia Nacional do Judici\u00e1rio 2021-2026. As Metas Nacionais s\u00e3o instrumentos desse esfor\u00e7o e, para 2024, as propostas passaram pela primeira consolida\u00e7\u00e3o em agosto deste ano, durante a 2\u00aa Reuni\u00e3o Preparat\u00f3ria para o 17\u00ba Encontro Nacional do Poder Judici\u00e1rio.&nbsp;<\/p>\n\n\n\n<p>Antes da aprova\u00e7\u00e3o final, uma consulta p\u00fablica recolhe contribui\u00e7\u00f5es de integrantes do Sistema de Justi\u00e7a e demais interessados da sociedade, com sugest\u00f5es para o aperfei\u00e7oamento do Judici\u00e1rio em seus cinco segmentos: Estadual, Federal, Trabalhista, Eleitoral e Militar.<\/p>\n\n\n\n<p>Al\u00e9m da aprova\u00e7\u00e3o das Metas para 2024, a programa\u00e7\u00e3o 17\u00ba Encontro Nacional do Poder Judici\u00e1rio inclui uma reflex\u00e3o sobre o panorama da atua\u00e7\u00e3o dos tribunais superiores ao longo do ano e a entrega do Pr\u00eamio CNJ de Qualidade 2023. O evento tamb\u00e9m ser\u00e1 uma oportunidade para a apresenta\u00e7\u00e3o dos eixos da gest\u00e3o do ministro Lu\u00eds Roberto Barroso \u00e0 frente do CNJ at\u00e9 setembro de 2025.<\/p>\n\n\n\n<p>Fonte: Bahia Not\u00edcias <\/p>\n","protected":false},"excerpt":{"rendered":"<p>Nos dias 4 e 5 de dezembro, o Centro de Conven\u00e7\u00f5es de Salvador ser\u00e1 palco para o 17\u00ba Encontro Nacional do Poder Judici\u00e1rio (ENPJ), evento promovido pelo Conselho Nacional de Justi\u00e7a (CNJ). Presidentes e gestores dos 92 tribunais brasileiros marcar\u00e3o presen\u00e7a. A iniciativa tamb\u00e9m marca a aprova\u00e7\u00e3o das Metas Nacionais do Poder Judici\u00e1rio para o [&hellip;]<\/p>\n","protected":false},"author":2,"featured_media":6241,"comment_status":"open","ping_status":"open","sticky":false,"template":"","format":"standard","meta":{"jnews-multi-image_gallery":[],"jnews_single_post":{"subtitle":"","format":"standard","video":"","gallery":"","source_name":"","source_url":"","via_name":"","via_url":"","override_template":"0","override":[{"template":"1","single_blog_custom":"","parallax":"1","fullscreen":"1","layout":"right-sidebar","sidebar":"default-sidebar","second_sidebar":"default-sidebar","sticky_sidebar":"1","share_position":"top","share_float_style":"share-monocrhome","show_share_counter":"0","show_view_counter":"0","show_featured":"1","show_post_meta":"1","show_post_author":"0","show_post_author_image":"1","show_post_date":"1","post_date_format":"default","post_date_format_custom":"Y\/m\/d","show_post_category":"1","show_post_reading_time":"0","post_reading_time_wpm":"300","show_zoom_button":"0","zoom_button_out_step":"2","zoom_button_in_step":"3","show_post_tag":"1","show_prev_next_post":"1","show_popup_post":"1","number_popup_post":"1","show_author_box":"0","show_post_related":"0","show_inline_post_related":"0"}],"override_image_size":"0","image_override":[{"single_post_thumbnail_size":"no-crop","single_post_gallery_size":"crop-715"}],"trending_post":"0","trending_post_position":"meta","trending_post_label":"Trending","sponsored_post":"0","sponsored_post_label":"Sponsored by","sponsored_post_name":"","sponsored_post_url":"","sponsored_post_logo_enable":"0","sponsored_post_logo":"","sponsored_post_desc":"","disable_ad":"0"},"jnews_primary_category":{"id":"","hide":""},"footnotes":""},"categories":[107],"tags":[],"class_list":["post-6240","post","type-post","status-publish","format-standard","has-post-thumbnail","hentry","category-justica"],"_links":{"self":[{"href":"https:\/\/cidadebaixaonline.com.br\/index.php\/wp-json\/wp\/v2\/posts\/6240","targetHints":{"allow":["GET"]}}],"collection":[{"href":"https:\/\/cidadebaixaonline.com.br\/index.php\/wp-json\/wp\/v2\/posts"}],"about":[{"href":"https:\/\/cidadebaixaonline.com.br\/index.php\/wp-json\/wp\/v2\/types\/post"}],"author":[{"embeddable":true,"href":"https:\/\/cidadebaixaonline.com.br\/index.php\/wp-json\/wp\/v2\/users\/2"}],"replies":[{"embeddable":true,"href":"https:\/\/cidadebaixaonline.com.br\/index.php\/wp-json\/wp\/v2\/comments?post=6240"}],"version-history":[{"count":1,"href":"https:\/\/cidadebaixaonline.com.br\/index.php\/wp-json\/wp\/v2\/posts\/6240\/revisions"}],"predecessor-version":[{"id":6242,"href":"https:\/\/cidadebaixaonline.com.br\/index.php\/wp-json\/wp\/v2\/posts\/6240\/revisions\/6242"}],"wp:featuredmedia":[{"embeddable":true,"href":"https:\/\/cidadebaixaonline.com.br\/index.php\/wp-json\/wp\/v2\/media\/6241"}],"wp:attachment":[{"href":"https:\/\/cidadebaixaonline.com.br\/index.php\/wp-json\/wp\/v2\/media?parent=6240"}],"wp:term":[{"taxonomy":"category","embeddable":true,"href":"https:\/\/cidadebaixaonline.com.br\/index.php\/wp-json\/wp\/v2\/categories?post=6240"},{"taxonomy":"post_tag","embeddable":true,"href":"https:\/\/cidadebaixaonline.com.br\/index.php\/wp-json\/wp\/v2\/tags?post=6240"}],"curies":[{"name":"wp","href":"https:\/\/api.w.org\/{rel}","templated":true}]}}