{"id":6051,"date":"2023-11-21T14:23:29","date_gmt":"2023-11-21T17:23:29","guid":{"rendered":"https:\/\/cidadebaixaonline.com.br\/?p=6051"},"modified":"2023-11-21T14:23:31","modified_gmt":"2023-11-21T17:23:31","slug":"motorista-embriagado-e-preso-dirigindo-na-contramao-da-avenida-paralela","status":"publish","type":"post","link":"https:\/\/cidadebaixaonline.com.br\/index.php\/2023\/11\/21\/motorista-embriagado-e-preso-dirigindo-na-contramao-da-avenida-paralela\/","title":{"rendered":"Motorista embriagado \u00e9 preso dirigindo na contram\u00e3o da Avenida Paralela"},"content":{"rendered":"\n<p>Um motorista, completamente embriagado, foi preso em flagrante por policiais militares ap\u00f3s dirigir em alta velocidade pela contram\u00e3o da Avenida Paralela, na madrugada desta ter\u00e7a-feira (21).<\/p>\n\n\n\n<p>De acordo com a PM, o \u00a0homem foi flagrado na referida avenida trafegando pela contram\u00e3o na pista sentido centro, na altura da Passarela da Esta\u00e7\u00e3o Imbu\u00ed. As equipes policiais que realizavam o patrulhamento na via determinaram a parada, mas o homem desviou e acelerou, colocando em perigo iminente os demais usu\u00e1rios da via.<\/p>\n\n\n\n<p>As viaturas policiais iniciaram o acompanhamento do ve\u00edculo em fuga ao longo da via, na contram\u00e3o de dire\u00e7\u00e3o, sendo necess\u00e1rio alvejar os pneus para conseguir reduzir a velocidade e interceptar o autom\u00f3vel, j\u00e1 nas imedia\u00e7\u00f5es da passarela da FTC.<\/p>\n\n\n\n<p>Ao ser abordado, o motorista apresentava sinais caracter\u00edsticos de embriaguez. Foi dada voz de pris\u00e3o em flagrante pelas guarni\u00e7\u00f5es e realizada a condu\u00e7\u00e3o para a Central de Flagrantes da Pol\u00edcia Civil, onde foi realizado a ocorr\u00eancia foi registrada.<\/p>\n\n\n\n<p>Fonte: Bahia Not\u00edcias <\/p>\n","protected":false},"excerpt":{"rendered":"<p>Um motorista, completamente embriagado, foi preso em flagrante por policiais militares ap\u00f3s dirigir em alta velocidade pela contram\u00e3o da Avenida Paralela, na madrugada desta ter\u00e7a-feira (21). De acordo com a PM, o \u00a0homem foi flagrado na referida avenida trafegando pela contram\u00e3o na pista sentido centro, na altura da Passarela da Esta\u00e7\u00e3o Imbu\u00ed. As equipes policiais [&hellip;]<\/p>\n","protected":false},"author":2,"featured_media":6052,"comment_status":"open","ping_status":"open","sticky":false,"template":"","format":"standard","meta":{"jnews-multi-image_gallery":[],"jnews_single_post":{"subtitle":"","format":"standard","video":"","gallery":"","source_name":"","source_url":"","via_name":"","via_url":"","override_template":"0","override":[{"template":"1","single_blog_custom":"","parallax":"1","fullscreen":"1","layout":"right-sidebar","sidebar":"default-sidebar","second_sidebar":"default-sidebar","sticky_sidebar":"1","share_position":"top","share_float_style":"share-monocrhome","show_share_counter":"0","show_view_counter":"0","show_featured":"1","show_post_meta":"1","show_post_author":"0","show_post_author_image":"1","show_post_date":"1","post_date_format":"default","post_date_format_custom":"Y\/m\/d","show_post_category":"1","show_post_reading_time":"0","post_reading_time_wpm":"300","show_zoom_button":"0","zoom_button_out_step":"2","zoom_button_in_step":"3","show_post_tag":"1","show_prev_next_post":"1","show_popup_post":"1","number_popup_post":"1","show_author_box":"0","show_post_related":"0","show_inline_post_related":"0"}],"override_image_size":"0","image_override":[{"single_post_thumbnail_size":"no-crop","single_post_gallery_size":"crop-715"}],"trending_post":"0","trending_post_position":"meta","trending_post_label":"Trending","sponsored_post":"0","sponsored_post_label":"Sponsored by","sponsored_post_name":"","sponsored_post_url":"","sponsored_post_logo_enable":"0","sponsored_post_logo":"","sponsored_post_desc":"","disable_ad":"0"},"jnews_primary_category":{"id":"","hide":""},"footnotes":""},"categories":[85],"tags":[],"class_list":["post-6051","post","type-post","status-publish","format-standard","has-post-thumbnail","hentry","category-noticias"],"_links":{"self":[{"href":"https:\/\/cidadebaixaonline.com.br\/index.php\/wp-json\/wp\/v2\/posts\/6051","targetHints":{"allow":["GET"]}}],"collection":[{"href":"https:\/\/cidadebaixaonline.com.br\/index.php\/wp-json\/wp\/v2\/posts"}],"about":[{"href":"https:\/\/cidadebaixaonline.com.br\/index.php\/wp-json\/wp\/v2\/types\/post"}],"author":[{"embeddable":true,"href":"https:\/\/cidadebaixaonline.com.br\/index.php\/wp-json\/wp\/v2\/users\/2"}],"replies":[{"embeddable":true,"href":"https:\/\/cidadebaixaonline.com.br\/index.php\/wp-json\/wp\/v2\/comments?post=6051"}],"version-history":[{"count":1,"href":"https:\/\/cidadebaixaonline.com.br\/index.php\/wp-json\/wp\/v2\/posts\/6051\/revisions"}],"predecessor-version":[{"id":6053,"href":"https:\/\/cidadebaixaonline.com.br\/index.php\/wp-json\/wp\/v2\/posts\/6051\/revisions\/6053"}],"wp:featuredmedia":[{"embeddable":true,"href":"https:\/\/cidadebaixaonline.com.br\/index.php\/wp-json\/wp\/v2\/media\/6052"}],"wp:attachment":[{"href":"https:\/\/cidadebaixaonline.com.br\/index.php\/wp-json\/wp\/v2\/media?parent=6051"}],"wp:term":[{"taxonomy":"category","embeddable":true,"href":"https:\/\/cidadebaixaonline.com.br\/index.php\/wp-json\/wp\/v2\/categories?post=6051"},{"taxonomy":"post_tag","embeddable":true,"href":"https:\/\/cidadebaixaonline.com.br\/index.php\/wp-json\/wp\/v2\/tags?post=6051"}],"curies":[{"name":"wp","href":"https:\/\/api.w.org\/{rel}","templated":true}]}}