{"id":6048,"date":"2023-11-21T14:04:11","date_gmt":"2023-11-21T17:04:11","guid":{"rendered":"https:\/\/cidadebaixaonline.com.br\/?p=6048"},"modified":"2023-11-21T14:04:13","modified_gmt":"2023-11-21T17:04:13","slug":"filha-de-sara-mariano-presta-depoimento-na-dercca","status":"publish","type":"post","link":"https:\/\/cidadebaixaonline.com.br\/index.php\/2023\/11\/21\/filha-de-sara-mariano-presta-depoimento-na-dercca\/","title":{"rendered":"Filha de Sara Mariano presta depoimento na Dercca"},"content":{"rendered":"\n<p>A filha da cantora gospel,\u00a0Sara Mariano, prestou depoimento na Delegacia de Repress\u00e3o a Crimes Contra a Crian\u00e7a e o Adolescente (Dercca), na manh\u00e3 desta ter\u00e7a-feira (21), em Salvador.\u00a0A crian\u00e7a, que est\u00e1 sob os cuidados dos av\u00f3s paternos, passar\u00e1 por avalia\u00e7\u00f5es demandadas pela Justi\u00e7a, assim como as duas fam\u00edlias que brigam pela guarda unilateral. Os advogados de ambas as partes tamb\u00e9m est\u00e3o na unidade policial.<\/p>\n\n\n\n<p>A menina vai passar por avalia\u00e7\u00f5es demandadas pela Justi\u00e7a em conjunto com a fam\u00edlia materna e paterna que brigam pela guarda unilateral da crian\u00e7a. Atualmente a garota est\u00e1 sendo cuidada pelos av\u00f3s paternos. O depoimento da menina foi acompanhado pelos os advogados de ambas as fam\u00edlias na delegacia.\u00a0<\/p>\n\n\n\n<p>Ap\u00f3s o depoimento, a advogada da fam\u00edlia materna disse que a crian\u00e7a n\u00e3o quer ficar na casa dos parentes paternos e que ela ainda n\u00e3o foi informada sobre o assassinato da m\u00e3e.\u00a0<\/p>\n\n\n\n<p>\u201cEssa crian\u00e7a afirma que o pai \u00e9 inocente. Ela n\u00e3o sabe a verdade, ela n\u00e3o sabe o que aconteceu com a m\u00e3e e n\u00e3o sabe como a m\u00e3e foi morta. [&#8230;] Hoje \u00e9 a primeira vez depois do caso que essa crian\u00e7a vai ter acompanhamento psicol\u00f3gico. Faltou um pouco de empatia no cuidado da fam\u00edlia paterna com a fam\u00edlia materna, as duas s\u00e3o v\u00edtimas, mas essa a crian\u00e7a \u00e9 a principal v\u00edtima\u201d, contou a advogada da fam\u00edlia materna, Sarah Barros.\u00a0<\/p>\n\n\n\n<p>A audi\u00eancia que vai decidir a guarda da filha de Sara Mariano acontecer\u00e1 no pr\u00f3ximo dia 29 de novembro. Atualmente, a garota est\u00e1 com a fam\u00edlia do pai. Mas h\u00e1 conviv\u00eancia provis\u00f3ria com a fam\u00edlia da m\u00e3e.\u00a0<\/p>\n\n\n\n<p>Fonte: Bahia Not\u00edcias <\/p>\n","protected":false},"excerpt":{"rendered":"<p>A filha da cantora gospel,\u00a0Sara Mariano, prestou depoimento na Delegacia de Repress\u00e3o a Crimes Contra a Crian\u00e7a e o Adolescente (Dercca), na manh\u00e3 desta ter\u00e7a-feira (21), em Salvador.\u00a0A crian\u00e7a, que est\u00e1 sob os cuidados dos av\u00f3s paternos, passar\u00e1 por avalia\u00e7\u00f5es demandadas pela Justi\u00e7a, assim como as duas fam\u00edlias que brigam pela guarda unilateral. Os advogados [&hellip;]<\/p>\n","protected":false},"author":2,"featured_media":6049,"comment_status":"open","ping_status":"open","sticky":false,"template":"","format":"standard","meta":{"jnews-multi-image_gallery":[],"jnews_single_post":{"subtitle":"","format":"standard","video":"","gallery":"","source_name":"","source_url":"","via_name":"","via_url":"","override_template":"0","override":[{"template":"1","single_blog_custom":"","parallax":"1","fullscreen":"1","layout":"right-sidebar","sidebar":"default-sidebar","second_sidebar":"default-sidebar","sticky_sidebar":"1","share_position":"top","share_float_style":"share-monocrhome","show_share_counter":"0","show_view_counter":"0","show_featured":"1","show_post_meta":"1","show_post_author":"0","show_post_author_image":"1","show_post_date":"1","post_date_format":"default","post_date_format_custom":"Y\/m\/d","show_post_category":"1","show_post_reading_time":"0","post_reading_time_wpm":"300","show_zoom_button":"0","zoom_button_out_step":"2","zoom_button_in_step":"3","show_post_tag":"1","show_prev_next_post":"1","show_popup_post":"1","number_popup_post":"1","show_author_box":"0","show_post_related":"0","show_inline_post_related":"0"}],"override_image_size":"0","image_override":[{"single_post_thumbnail_size":"no-crop","single_post_gallery_size":"crop-715"}],"trending_post":"0","trending_post_position":"meta","trending_post_label":"Trending","sponsored_post":"0","sponsored_post_label":"Sponsored by","sponsored_post_name":"","sponsored_post_url":"","sponsored_post_logo_enable":"0","sponsored_post_logo":"","sponsored_post_desc":"","disable_ad":"0"},"jnews_primary_category":{"id":"","hide":""},"footnotes":""},"categories":[105],"tags":[],"class_list":["post-6048","post","type-post","status-publish","format-standard","has-post-thumbnail","hentry","category-policia"],"_links":{"self":[{"href":"https:\/\/cidadebaixaonline.com.br\/index.php\/wp-json\/wp\/v2\/posts\/6048","targetHints":{"allow":["GET"]}}],"collection":[{"href":"https:\/\/cidadebaixaonline.com.br\/index.php\/wp-json\/wp\/v2\/posts"}],"about":[{"href":"https:\/\/cidadebaixaonline.com.br\/index.php\/wp-json\/wp\/v2\/types\/post"}],"author":[{"embeddable":true,"href":"https:\/\/cidadebaixaonline.com.br\/index.php\/wp-json\/wp\/v2\/users\/2"}],"replies":[{"embeddable":true,"href":"https:\/\/cidadebaixaonline.com.br\/index.php\/wp-json\/wp\/v2\/comments?post=6048"}],"version-history":[{"count":1,"href":"https:\/\/cidadebaixaonline.com.br\/index.php\/wp-json\/wp\/v2\/posts\/6048\/revisions"}],"predecessor-version":[{"id":6050,"href":"https:\/\/cidadebaixaonline.com.br\/index.php\/wp-json\/wp\/v2\/posts\/6048\/revisions\/6050"}],"wp:featuredmedia":[{"embeddable":true,"href":"https:\/\/cidadebaixaonline.com.br\/index.php\/wp-json\/wp\/v2\/media\/6049"}],"wp:attachment":[{"href":"https:\/\/cidadebaixaonline.com.br\/index.php\/wp-json\/wp\/v2\/media?parent=6048"}],"wp:term":[{"taxonomy":"category","embeddable":true,"href":"https:\/\/cidadebaixaonline.com.br\/index.php\/wp-json\/wp\/v2\/categories?post=6048"},{"taxonomy":"post_tag","embeddable":true,"href":"https:\/\/cidadebaixaonline.com.br\/index.php\/wp-json\/wp\/v2\/tags?post=6048"}],"curies":[{"name":"wp","href":"https:\/\/api.w.org\/{rel}","templated":true}]}}