{"id":5958,"date":"2023-11-17T11:06:21","date_gmt":"2023-11-17T14:06:21","guid":{"rendered":"https:\/\/cidadebaixaonline.com.br\/?p=5958"},"modified":"2023-11-17T11:06:23","modified_gmt":"2023-11-17T14:06:23","slug":"bispo-zadoque-trocava-mensagens-nas-redes-sociais-com-sara-mariano","status":"publish","type":"post","link":"https:\/\/cidadebaixaonline.com.br\/index.php\/2023\/11\/17\/bispo-zadoque-trocava-mensagens-nas-redes-sociais-com-sara-mariano\/","title":{"rendered":"Bispo Zadoque trocava mensagens nas redes sociais com Sara Mariano"},"content":{"rendered":"\n<p>O bispo Zadoque, que foi preso nesta ter\u00e7a-feira (14) por suspeita de envolvimento no assassinato de Sara Mariano, trocava mensagens com a cantora gospel nas redes sociais. Durante as conversas \u00e9 poss\u00edvel observar que a v\u00edtima o tratava como amigo e elogiava o trabalho desempenhado pelo religioso, que trabalhava em igrejas da Regi\u00e3o Metropolitana de Salvador.<\/p>\n\n\n\n<p>Em intera\u00e7\u00e3o online entre os dois, o religioso comentou o trabalho de Sara de maneira positiva. Ela costumava compartilhar v\u00eddeos de eventos realizados nas igrejas evang\u00e9licas em que participava cantando e fazendo prega\u00e7\u00f5es.&nbsp;<\/p>\n\n\n\n<figure class=\"wp-block-image\"><img decoding=\"async\" src=\"https:\/\/api.varelanet.com.br\/fotos\/varela_noticias\/45144\/mg\/httpsg1.globo%20(3).png\" alt=\"\"\/><\/figure>\n\n\n\n<p>Em outro coment\u00e1rio, agora feito pela v\u00edtima, ela afirma que o bispo \u00e9 uma pessoa querida por sua fam\u00edlia. Ela ainda aponta que as duas fam\u00edlias deveriam se encontrar em sua casa em Val\u00e9ria, bairro de Salvador.&nbsp;<\/p>\n\n\n\n<p>Conforme a Pol\u00edcia Civil, Zadoque \u00e9 suspeito de ter atuado na log\u00edstica e execu\u00e7\u00e3o do crime, al\u00e9m de ter colaborado para incendiar o corpo de Sara com o intuito de omitir provas.<\/p>\n\n\n\n<p>Fonte: Varela Net <\/p>\n","protected":false},"excerpt":{"rendered":"<p>O bispo Zadoque, que foi preso nesta ter\u00e7a-feira (14) por suspeita de envolvimento no assassinato de Sara Mariano, trocava mensagens com a cantora gospel nas redes sociais. Durante as conversas \u00e9 poss\u00edvel observar que a v\u00edtima o tratava como amigo e elogiava o trabalho desempenhado pelo religioso, que trabalhava em igrejas da Regi\u00e3o Metropolitana de [&hellip;]<\/p>\n","protected":false},"author":2,"featured_media":5959,"comment_status":"open","ping_status":"open","sticky":false,"template":"","format":"standard","meta":{"jnews-multi-image_gallery":[],"jnews_single_post":{"subtitle":"","format":"standard","video":"","gallery":"","source_name":"","source_url":"","via_name":"","via_url":"","override_template":"0","override":[{"template":"1","single_blog_custom":"","parallax":"1","fullscreen":"1","layout":"right-sidebar","sidebar":"default-sidebar","second_sidebar":"default-sidebar","sticky_sidebar":"1","share_position":"top","share_float_style":"share-monocrhome","show_share_counter":"0","show_view_counter":"0","show_featured":"1","show_post_meta":"1","show_post_author":"0","show_post_author_image":"1","show_post_date":"1","post_date_format":"default","post_date_format_custom":"Y\/m\/d","show_post_category":"1","show_post_reading_time":"0","post_reading_time_wpm":"300","show_zoom_button":"0","zoom_button_out_step":"2","zoom_button_in_step":"3","show_post_tag":"1","show_prev_next_post":"1","show_popup_post":"1","number_popup_post":"1","show_author_box":"0","show_post_related":"0","show_inline_post_related":"0"}],"override_image_size":"0","image_override":[{"single_post_thumbnail_size":"no-crop","single_post_gallery_size":"crop-715"}],"trending_post":"0","trending_post_position":"meta","trending_post_label":"Trending","sponsored_post":"0","sponsored_post_label":"Sponsored by","sponsored_post_name":"","sponsored_post_url":"","sponsored_post_logo_enable":"0","sponsored_post_logo":"","sponsored_post_desc":"","disable_ad":"0"},"jnews_primary_category":{"id":"","hide":""},"footnotes":""},"categories":[105],"tags":[],"class_list":["post-5958","post","type-post","status-publish","format-standard","has-post-thumbnail","hentry","category-policia"],"_links":{"self":[{"href":"https:\/\/cidadebaixaonline.com.br\/index.php\/wp-json\/wp\/v2\/posts\/5958","targetHints":{"allow":["GET"]}}],"collection":[{"href":"https:\/\/cidadebaixaonline.com.br\/index.php\/wp-json\/wp\/v2\/posts"}],"about":[{"href":"https:\/\/cidadebaixaonline.com.br\/index.php\/wp-json\/wp\/v2\/types\/post"}],"author":[{"embeddable":true,"href":"https:\/\/cidadebaixaonline.com.br\/index.php\/wp-json\/wp\/v2\/users\/2"}],"replies":[{"embeddable":true,"href":"https:\/\/cidadebaixaonline.com.br\/index.php\/wp-json\/wp\/v2\/comments?post=5958"}],"version-history":[{"count":1,"href":"https:\/\/cidadebaixaonline.com.br\/index.php\/wp-json\/wp\/v2\/posts\/5958\/revisions"}],"predecessor-version":[{"id":5960,"href":"https:\/\/cidadebaixaonline.com.br\/index.php\/wp-json\/wp\/v2\/posts\/5958\/revisions\/5960"}],"wp:featuredmedia":[{"embeddable":true,"href":"https:\/\/cidadebaixaonline.com.br\/index.php\/wp-json\/wp\/v2\/media\/5959"}],"wp:attachment":[{"href":"https:\/\/cidadebaixaonline.com.br\/index.php\/wp-json\/wp\/v2\/media?parent=5958"}],"wp:term":[{"taxonomy":"category","embeddable":true,"href":"https:\/\/cidadebaixaonline.com.br\/index.php\/wp-json\/wp\/v2\/categories?post=5958"},{"taxonomy":"post_tag","embeddable":true,"href":"https:\/\/cidadebaixaonline.com.br\/index.php\/wp-json\/wp\/v2\/tags?post=5958"}],"curies":[{"name":"wp","href":"https:\/\/api.w.org\/{rel}","templated":true}]}}