{"id":5936,"date":"2023-11-16T16:11:23","date_gmt":"2023-11-16T19:11:23","guid":{"rendered":"https:\/\/cidadebaixaonline.com.br\/?p=5936"},"modified":"2023-11-16T16:11:25","modified_gmt":"2023-11-16T19:11:25","slug":"era-a-unica-com-mandato-diz-ana-paula-matos-sobre-imagem-ao-lado-de-politicos","status":"publish","type":"post","link":"https:\/\/cidadebaixaonline.com.br\/index.php\/2023\/11\/16\/era-a-unica-com-mandato-diz-ana-paula-matos-sobre-imagem-ao-lado-de-politicos\/","title":{"rendered":"&#8220;Era a \u00fanica com mandato&#8221;, diz Ana Paula Matos sobre imagem ao lado de pol\u00edticos"},"content":{"rendered":"\n<p>A vice-prefeita de Salvador, Ana Paula Matos (PDT), respondeu sobre a repercuss\u00e3o da imagem onde aparece descendo as escadas da Prefeitura de Salvador ao lado de pol\u00edticos homens. O registro, que foi feito minutos antes da homenagem a Carlos Lupi na C\u00e2mara de Salvador, repercutiu fortemente nas redes sociais e tem sido usado por advers\u00e1rios para acusar o grupo carlista da capital de machismo.<\/p>\n\n\n\n<p>&#8220;Quando eu fui escolhida candidata a vice-presidente do partido, tinha o nome de muitas mulheres, mas um dos votos mais importantes foi o de Miguelina Vecchio. [&#8230;] A gente tem uma l\u00f3gica que toda a estrutura partid\u00e1ria \u00e9 de vaga das mulheres&#8221;, ressaltou, em coletiva de imprensa.&nbsp;&#8220;Sobre a foto, por que eu era a \u00fanica mulher? Eu era a \u00fanica com mandato. De fato, precisamos ter mais mulheres&#8221;, emendou.<\/p>\n\n\n\n<p>Ainda na entrevista, Ana Paula confirmou que conta com o apoio de metade da C\u00e2mara de Salvador para ser reconduzida para a vice de Bruno Reis. Vale lembrar que o PDT indicou oficialmente a gestora para o posto no mesmo dia em que Lupi desembarcou na cidade. O presidente nacional da agremia\u00e7\u00e3o, ali\u00e1s, fez um apelo diretamente a Bruno para que ela continue no posto.<\/p>\n\n\n\n<p>Ela reagiu a um levantamento feito pelo Bahia Not\u00edcias que apontou que 21 vereadores j\u00e1 est\u00e3o na sua base de apoio para a reelei\u00e7\u00e3o. &#8220;\u00c9 \u00f3bvio que a gente tem uma boa rela\u00e7\u00e3o com a C\u00e2mara e temos o trabalho reconhecido e credenciado. Isso me deixa feliz e motivada para fazer mais. Carlos Lupi [presidente licenciado do partido] disse que Ana representa os valores do partido e que em time que est\u00e1 ganhando n\u00e3o se mexe. Assim, eu fico feliz pelo voto de confian\u00e7a recebido pelo partido&#8221;, iniciou a pedetista.<\/p>\n\n\n\n<p>&#8220;Eu tenho escutado manifesta\u00e7\u00f5es individuais por parte dos vereadores. Esse di\u00e1logo \u00e9 trabalho de amadurecimento, aprendizado e esse n\u00famero \u00e9 ainda mais significativo. O jogo pol\u00edtico vai ser discutido no ano que vem, mas isso me d\u00e1 for\u00e7a para trabalhar ainda mais, porque eu represento as mulheres. Quando muitas pessoas do seu grupo manifestam carinho e apoio a voc\u00ea, isso d\u00e1 for\u00e7a&#8221;, finalizou Ana Paula Matos.<\/p>\n\n\n\n<p>Fonte: TRBN <\/p>\n","protected":false},"excerpt":{"rendered":"<p>A vice-prefeita de Salvador, Ana Paula Matos (PDT), respondeu sobre a repercuss\u00e3o da imagem onde aparece descendo as escadas da Prefeitura de Salvador ao lado de pol\u00edticos homens. O registro, que foi feito minutos antes da homenagem a Carlos Lupi na C\u00e2mara de Salvador, repercutiu fortemente nas redes sociais e tem sido usado por advers\u00e1rios [&hellip;]<\/p>\n","protected":false},"author":2,"featured_media":5937,"comment_status":"open","ping_status":"open","sticky":false,"template":"","format":"standard","meta":{"jnews-multi-image_gallery":[],"jnews_single_post":{"subtitle":"","format":"standard","video":"","gallery":"","source_name":"","source_url":"","via_name":"","via_url":"","override_template":"0","override":[{"template":"1","single_blog_custom":"","parallax":"1","fullscreen":"1","layout":"right-sidebar","sidebar":"default-sidebar","second_sidebar":"default-sidebar","sticky_sidebar":"1","share_position":"top","share_float_style":"share-monocrhome","show_share_counter":"0","show_view_counter":"0","show_featured":"1","show_post_meta":"1","show_post_author":"0","show_post_author_image":"1","show_post_date":"1","post_date_format":"default","post_date_format_custom":"Y\/m\/d","show_post_category":"1","show_post_reading_time":"0","post_reading_time_wpm":"300","show_zoom_button":"0","zoom_button_out_step":"2","zoom_button_in_step":"3","show_post_tag":"1","show_prev_next_post":"1","show_popup_post":"1","number_popup_post":"1","show_author_box":"0","show_post_related":"0","show_inline_post_related":"0"}],"override_image_size":"0","image_override":[{"single_post_thumbnail_size":"no-crop","single_post_gallery_size":"crop-715"}],"trending_post":"0","trending_post_position":"meta","trending_post_label":"Trending","sponsored_post":"0","sponsored_post_label":"Sponsored by","sponsored_post_name":"","sponsored_post_url":"","sponsored_post_logo_enable":"0","sponsored_post_logo":"","sponsored_post_desc":"","disable_ad":"0"},"jnews_primary_category":{"id":"","hide":""},"footnotes":""},"categories":[91],"tags":[],"class_list":["post-5936","post","type-post","status-publish","format-standard","has-post-thumbnail","hentry","category-politica"],"_links":{"self":[{"href":"https:\/\/cidadebaixaonline.com.br\/index.php\/wp-json\/wp\/v2\/posts\/5936","targetHints":{"allow":["GET"]}}],"collection":[{"href":"https:\/\/cidadebaixaonline.com.br\/index.php\/wp-json\/wp\/v2\/posts"}],"about":[{"href":"https:\/\/cidadebaixaonline.com.br\/index.php\/wp-json\/wp\/v2\/types\/post"}],"author":[{"embeddable":true,"href":"https:\/\/cidadebaixaonline.com.br\/index.php\/wp-json\/wp\/v2\/users\/2"}],"replies":[{"embeddable":true,"href":"https:\/\/cidadebaixaonline.com.br\/index.php\/wp-json\/wp\/v2\/comments?post=5936"}],"version-history":[{"count":1,"href":"https:\/\/cidadebaixaonline.com.br\/index.php\/wp-json\/wp\/v2\/posts\/5936\/revisions"}],"predecessor-version":[{"id":5938,"href":"https:\/\/cidadebaixaonline.com.br\/index.php\/wp-json\/wp\/v2\/posts\/5936\/revisions\/5938"}],"wp:featuredmedia":[{"embeddable":true,"href":"https:\/\/cidadebaixaonline.com.br\/index.php\/wp-json\/wp\/v2\/media\/5937"}],"wp:attachment":[{"href":"https:\/\/cidadebaixaonline.com.br\/index.php\/wp-json\/wp\/v2\/media?parent=5936"}],"wp:term":[{"taxonomy":"category","embeddable":true,"href":"https:\/\/cidadebaixaonline.com.br\/index.php\/wp-json\/wp\/v2\/categories?post=5936"},{"taxonomy":"post_tag","embeddable":true,"href":"https:\/\/cidadebaixaonline.com.br\/index.php\/wp-json\/wp\/v2\/tags?post=5936"}],"curies":[{"name":"wp","href":"https:\/\/api.w.org\/{rel}","templated":true}]}}