{"id":5933,"date":"2023-11-16T16:04:34","date_gmt":"2023-11-16T19:04:34","guid":{"rendered":"https:\/\/cidadebaixaonline.com.br\/?p=5933"},"modified":"2023-11-16T16:04:36","modified_gmt":"2023-11-16T19:04:36","slug":"bispo-zadoque-confessou-ter-participado-da-morte-de-sara-mariano","status":"publish","type":"post","link":"https:\/\/cidadebaixaonline.com.br\/index.php\/2023\/11\/16\/bispo-zadoque-confessou-ter-participado-da-morte-de-sara-mariano\/","title":{"rendered":"Bispo Zadoque confessou ter participado da morte de Sara Mariano"},"content":{"rendered":"\n<p>O Bispo Zadoque, segundo acusado\u00a0preso\u00a0por participa\u00e7\u00e3o na morte da pastora Sara Mariano, confessou o crime ao ser ouvido nesta quarta-feira, 15, na 25\u00aa DT\/Dias D\u2019\u00c1vila, segundo informa\u00e7\u00f5es passadas\u00a0pelo advogado\u00a0Carlos Augusto Vaz.<\/p>\n\n\n\n<p>Carlos \u00e9 advogado de defesa do terceiro suspeito preso e ouvido tamb\u00e9m nesta quarta, o motorista&nbsp;Gide\u00e3o Duarte, que teria levado Sara a suposta agenda no dia em que desapareceu. A informa\u00e7\u00e3o de que o bispo confessou o crime foi passada pelo advogado, mas ainda n\u00e3o foi confirmada pela Pol\u00edcia Civil.&nbsp;<\/p>\n\n\n\n<p>Ambos os acusados tiveram os mandados de pris\u00e3o cumpridos na Regi\u00e3o Metropolitana de Salvador (RMS) por equipes da 25\u00aa DT\/Dias D\u2019\u00c1vila. Segundo a Pol\u00edcia Civil, eles participaram da log\u00edstica e da execu\u00e7\u00e3o do homic\u00eddio.<\/p>\n\n\n\n<p>&#8220;As investiga\u00e7\u00f5es apontam que o ex-marido da v\u00edtima deu valores em dinheiro para os autores e promo\u00e7\u00f5es art\u00edsticas para o suposto l\u00edder religioso. As investiga\u00e7\u00f5es continuam, para individualizar as condutas dos envolvidos e identificar a possibilidade de mais participa\u00e7\u00f5es. Laudos periciais s\u00e3o aguardados para complementar a apura\u00e7\u00e3o do caso&#8221;, informou o delegado Euvaldo Costa, respons\u00e1vel pelas investiga\u00e7\u00f5es.\u00a0<\/p>\n\n\n\n<p><strong>Relembre o caso<\/strong><\/p>\n\n\n\n<p>A pastora Sara Mariano foi\u00a0vista\u00a0pela \u00faltima vez com vida na noite do dia 24 de outubro, ao deixar a casa da fam\u00edlia. Na \u00e9poca, Ederlan Mariano chegou a registrar o boletim de ocorr\u00eancia pelo desaparecimento da esposa, e afirmou que ela tinha sa\u00eddo com destino a eventos religiosos, mas alegou n\u00e3o saber quais.<\/p>\n\n\n\n<p>Tr\u00eas dias ap\u00f3s o desaparecimento, no dia 27 de outubro, o corpo dela foi\u00a0encontrado carbonizado, em uma \u00e1rea de mata \u00e0s margens da BA-093, na regi\u00e3o de Dias D&#8217;\u00c1vila, cidade da Regi\u00e3o Metropolitana de Salvador.<\/p>\n\n\n\n<p>O marido da cantora, Ederlan Santos Mariano foi preso na madrugada do dia 28 de outubro, ap\u00f3s\u00a0confessar\u00a0ter cometido o crime. O corpo de Sara Mariano foi sepultado no dia 30 de outubro, em Salvador, sob forte como\u00e7\u00e3o de amigos e familiares.<\/p>\n\n\n\n<p>J\u00e1 no dia 1\u00ba de novembro, Ederlan foi\u00a0transferido\u00a0para o Complexo Penitenci\u00e1rio da Mata Escura, onde segue preso por\u00a0pris\u00e3o tempor\u00e1ria\u00a0de 30 dias.<\/p>\n\n\n\n<p>Fonte: ATarde <\/p>\n\n\n\n<p><\/p>\n","protected":false},"excerpt":{"rendered":"<p>O Bispo Zadoque, segundo acusado\u00a0preso\u00a0por participa\u00e7\u00e3o na morte da pastora Sara Mariano, confessou o crime ao ser ouvido nesta quarta-feira, 15, na 25\u00aa DT\/Dias D\u2019\u00c1vila, segundo informa\u00e7\u00f5es passadas\u00a0pelo advogado\u00a0Carlos Augusto Vaz. Carlos \u00e9 advogado de defesa do terceiro suspeito preso e ouvido tamb\u00e9m nesta quarta, o motorista&nbsp;Gide\u00e3o Duarte, que teria levado Sara a suposta agenda [&hellip;]<\/p>\n","protected":false},"author":2,"featured_media":5934,"comment_status":"open","ping_status":"open","sticky":false,"template":"","format":"standard","meta":{"jnews-multi-image_gallery":[],"jnews_single_post":{"subtitle":"","format":"standard","video":"","gallery":"","source_name":"","source_url":"","via_name":"","via_url":"","override_template":"0","override":[{"template":"1","single_blog_custom":"","parallax":"1","fullscreen":"1","layout":"right-sidebar","sidebar":"default-sidebar","second_sidebar":"default-sidebar","sticky_sidebar":"1","share_position":"top","share_float_style":"share-monocrhome","show_share_counter":"0","show_view_counter":"0","show_featured":"1","show_post_meta":"1","show_post_author":"0","show_post_author_image":"1","show_post_date":"1","post_date_format":"default","post_date_format_custom":"Y\/m\/d","show_post_category":"1","show_post_reading_time":"0","post_reading_time_wpm":"300","show_zoom_button":"0","zoom_button_out_step":"2","zoom_button_in_step":"3","show_post_tag":"1","show_prev_next_post":"1","show_popup_post":"1","number_popup_post":"1","show_author_box":"0","show_post_related":"0","show_inline_post_related":"0"}],"override_image_size":"0","image_override":[{"single_post_thumbnail_size":"no-crop","single_post_gallery_size":"crop-715"}],"trending_post":"0","trending_post_position":"meta","trending_post_label":"Trending","sponsored_post":"0","sponsored_post_label":"Sponsored by","sponsored_post_name":"","sponsored_post_url":"","sponsored_post_logo_enable":"0","sponsored_post_logo":"","sponsored_post_desc":"","disable_ad":"0"},"jnews_primary_category":{"id":"","hide":""},"footnotes":""},"categories":[105],"tags":[],"class_list":["post-5933","post","type-post","status-publish","format-standard","has-post-thumbnail","hentry","category-policia"],"_links":{"self":[{"href":"https:\/\/cidadebaixaonline.com.br\/index.php\/wp-json\/wp\/v2\/posts\/5933","targetHints":{"allow":["GET"]}}],"collection":[{"href":"https:\/\/cidadebaixaonline.com.br\/index.php\/wp-json\/wp\/v2\/posts"}],"about":[{"href":"https:\/\/cidadebaixaonline.com.br\/index.php\/wp-json\/wp\/v2\/types\/post"}],"author":[{"embeddable":true,"href":"https:\/\/cidadebaixaonline.com.br\/index.php\/wp-json\/wp\/v2\/users\/2"}],"replies":[{"embeddable":true,"href":"https:\/\/cidadebaixaonline.com.br\/index.php\/wp-json\/wp\/v2\/comments?post=5933"}],"version-history":[{"count":1,"href":"https:\/\/cidadebaixaonline.com.br\/index.php\/wp-json\/wp\/v2\/posts\/5933\/revisions"}],"predecessor-version":[{"id":5935,"href":"https:\/\/cidadebaixaonline.com.br\/index.php\/wp-json\/wp\/v2\/posts\/5933\/revisions\/5935"}],"wp:featuredmedia":[{"embeddable":true,"href":"https:\/\/cidadebaixaonline.com.br\/index.php\/wp-json\/wp\/v2\/media\/5934"}],"wp:attachment":[{"href":"https:\/\/cidadebaixaonline.com.br\/index.php\/wp-json\/wp\/v2\/media?parent=5933"}],"wp:term":[{"taxonomy":"category","embeddable":true,"href":"https:\/\/cidadebaixaonline.com.br\/index.php\/wp-json\/wp\/v2\/categories?post=5933"},{"taxonomy":"post_tag","embeddable":true,"href":"https:\/\/cidadebaixaonline.com.br\/index.php\/wp-json\/wp\/v2\/tags?post=5933"}],"curies":[{"name":"wp","href":"https:\/\/api.w.org\/{rel}","templated":true}]}}