{"id":5924,"date":"2023-11-16T15:21:21","date_gmt":"2023-11-16T18:21:21","guid":{"rendered":"https:\/\/cidadebaixaonline.com.br\/?p=5924"},"modified":"2023-11-16T15:21:24","modified_gmt":"2023-11-16T18:21:24","slug":"governo-cria-pontos-de-higiene-para-populacao-em-situacao-de-rua","status":"publish","type":"post","link":"https:\/\/cidadebaixaonline.com.br\/index.php\/2023\/11\/16\/governo-cria-pontos-de-higiene-para-populacao-em-situacao-de-rua\/","title":{"rendered":"Governo cria pontos de higiene para popula\u00e7\u00e3o em situa\u00e7\u00e3o de rua"},"content":{"rendered":"\n<p>O Minist\u00e9rio dos Direitos Humanos e da Cidadania (MDHC) instalou o Programa Pontos de Apoio da Rua (PAR) que destinar\u00e1 recursos para a implanta\u00e7\u00e3o de espa\u00e7os p\u00fablicos de apoio e atendimento \u00e0s atividades de cuidado e higiene pessoal da popula\u00e7\u00e3o em situa\u00e7\u00e3o de rua.<\/p>\n\n\n\n<p>A medida est\u00e1 publicada no Di\u00e1rio Oficial da Uni\u00e3o desta quinta-feira (16). Segundo o minist\u00e9rio, os pontos de apoio ser\u00e3o instalados em cidades com mais de 500 mil habitantes e oferecer\u00e3o servi\u00e7os para guarda de bens e de pertences, informa\u00e7\u00f5es e cuidados b\u00e1sicos de sa\u00fade e higiene pessoal, voltados para popula\u00e7\u00e3o em situa\u00e7\u00e3o de rua. Os locais tamb\u00e9m disponibilizar\u00e3o equipe para orientar os usu\u00e1rios sobre outros direitos e servi\u00e7os.<\/p>\n\n\n\n<p>Os locais ser\u00e3o viabilizados por meio de parceria com entidades da sociedade civil que tenham experi\u00eancia em desenvolver atividades voltadas para essa popula\u00e7\u00e3o e funcionar\u00e3o de forma articulada com as unidades da prote\u00e7\u00e3o social especial do Sistema \u00danico de Assist\u00eancia Social (SUAS).<\/p>\n\n\n\n<p>Os pontos de apoio poder\u00e3o funcionar tanto no espa\u00e7o da entidade que vai desenvolver as atividades, quanto em lugar cedido pelo poder p\u00fablico ou alugado para essa finalidade. A manuten\u00e7\u00e3o das unidades tamb\u00e9m ser\u00e1 viabilizada por parceria e doa\u00e7\u00f5es de materiais de consumo e equipamentos feitas por empresas p\u00fablicas e privadas.<\/p>\n\n\n\n<p><strong>Pol\u00edtica p\u00fablica<\/strong><\/p>\n\n\n\n<p>Recentemente, o ministro dos Direitos Humanos e da Cidadania, S\u00edlvio Almeida, anunciou que o governo federal trabalha na elabora\u00e7\u00e3o do Plano Nacional em Defesa da Popula\u00e7\u00e3o em Situa\u00e7\u00e3o de Rua, que dever\u00e1 ser lan\u00e7ado em dezembro.<\/p>\n\n\n\n<p>Para ele, a pol\u00edtica p\u00fablica priorizar\u00e1 o direito \u00e0 moradia, com a\u00e7\u00f5es voltadas tamb\u00e9m para a sa\u00fade, educa\u00e7\u00e3o e oportunidade de emprego, al\u00e9m de ampliar a abordagem sobre o abuso de \u00e1lcool e outras drogas, para al\u00e9m do atendimento de sa\u00fade.<\/p>\n\n\n\n<p>Outra medida que busca ampliar as pol\u00edticas p\u00fablicas voltadas \u00e0 popula\u00e7\u00e3o em situa\u00e7\u00e3o de rua foi a retomada, em outubro, do Comit\u00ea Intersetorial de Acompanhamento e Monitoramento da Pol\u00edtica Nacional para Popula\u00e7\u00e3o em Situa\u00e7\u00e3o de Rua (Ciamp-Rua). Al\u00e9m de dar representatividade no debate sobre as a\u00e7\u00f5es do governo, o colegiado tamb\u00e9m acompanha e monitora as pol\u00edticas voltadas a essa popula\u00e7\u00e3o.<\/p>\n\n\n\n<p>Fonte: Ag\u00eancia Brasil<\/p>\n","protected":false},"excerpt":{"rendered":"<p>O Minist\u00e9rio dos Direitos Humanos e da Cidadania (MDHC) instalou o Programa Pontos de Apoio da Rua (PAR) que destinar\u00e1 recursos para a implanta\u00e7\u00e3o de espa\u00e7os p\u00fablicos de apoio e atendimento \u00e0s atividades de cuidado e higiene pessoal da popula\u00e7\u00e3o em situa\u00e7\u00e3o de rua. A medida est\u00e1 publicada no Di\u00e1rio Oficial da Uni\u00e3o desta quinta-feira [&hellip;]<\/p>\n","protected":false},"author":2,"featured_media":5925,"comment_status":"open","ping_status":"open","sticky":false,"template":"","format":"standard","meta":{"jnews-multi-image_gallery":[],"jnews_single_post":{"subtitle":"","format":"standard","video":"","gallery":"","source_name":"","source_url":"","via_name":"","via_url":"","override_template":"0","override":[{"template":"1","single_blog_custom":"","parallax":"1","fullscreen":"1","layout":"right-sidebar","sidebar":"default-sidebar","second_sidebar":"default-sidebar","sticky_sidebar":"1","share_position":"top","share_float_style":"share-monocrhome","show_share_counter":"0","show_view_counter":"0","show_featured":"1","show_post_meta":"1","show_post_author":"0","show_post_author_image":"1","show_post_date":"1","post_date_format":"default","post_date_format_custom":"Y\/m\/d","show_post_category":"1","show_post_reading_time":"0","post_reading_time_wpm":"300","show_zoom_button":"0","zoom_button_out_step":"2","zoom_button_in_step":"3","show_post_tag":"1","show_prev_next_post":"1","show_popup_post":"1","number_popup_post":"1","show_author_box":"0","show_post_related":"0","show_inline_post_related":"0"}],"override_image_size":"0","image_override":[{"single_post_thumbnail_size":"no-crop","single_post_gallery_size":"crop-715"}],"trending_post":"0","trending_post_position":"meta","trending_post_label":"Trending","sponsored_post":"0","sponsored_post_label":"Sponsored by","sponsored_post_name":"","sponsored_post_url":"","sponsored_post_logo_enable":"0","sponsored_post_logo":"","sponsored_post_desc":"","disable_ad":"0"},"jnews_primary_category":{"id":"","hide":""},"footnotes":""},"categories":[85],"tags":[],"class_list":["post-5924","post","type-post","status-publish","format-standard","has-post-thumbnail","hentry","category-noticias"],"_links":{"self":[{"href":"https:\/\/cidadebaixaonline.com.br\/index.php\/wp-json\/wp\/v2\/posts\/5924","targetHints":{"allow":["GET"]}}],"collection":[{"href":"https:\/\/cidadebaixaonline.com.br\/index.php\/wp-json\/wp\/v2\/posts"}],"about":[{"href":"https:\/\/cidadebaixaonline.com.br\/index.php\/wp-json\/wp\/v2\/types\/post"}],"author":[{"embeddable":true,"href":"https:\/\/cidadebaixaonline.com.br\/index.php\/wp-json\/wp\/v2\/users\/2"}],"replies":[{"embeddable":true,"href":"https:\/\/cidadebaixaonline.com.br\/index.php\/wp-json\/wp\/v2\/comments?post=5924"}],"version-history":[{"count":1,"href":"https:\/\/cidadebaixaonline.com.br\/index.php\/wp-json\/wp\/v2\/posts\/5924\/revisions"}],"predecessor-version":[{"id":5926,"href":"https:\/\/cidadebaixaonline.com.br\/index.php\/wp-json\/wp\/v2\/posts\/5924\/revisions\/5926"}],"wp:featuredmedia":[{"embeddable":true,"href":"https:\/\/cidadebaixaonline.com.br\/index.php\/wp-json\/wp\/v2\/media\/5925"}],"wp:attachment":[{"href":"https:\/\/cidadebaixaonline.com.br\/index.php\/wp-json\/wp\/v2\/media?parent=5924"}],"wp:term":[{"taxonomy":"category","embeddable":true,"href":"https:\/\/cidadebaixaonline.com.br\/index.php\/wp-json\/wp\/v2\/categories?post=5924"},{"taxonomy":"post_tag","embeddable":true,"href":"https:\/\/cidadebaixaonline.com.br\/index.php\/wp-json\/wp\/v2\/tags?post=5924"}],"curies":[{"name":"wp","href":"https:\/\/api.w.org\/{rel}","templated":true}]}}