{"id":5918,"date":"2023-11-16T11:39:09","date_gmt":"2023-11-16T14:39:09","guid":{"rendered":"https:\/\/cidadebaixaonline.com.br\/?p=5918"},"modified":"2023-11-16T11:39:11","modified_gmt":"2023-11-16T14:39:11","slug":"motoristas-protestam-em-frente-a-tv-bahia-apos-fala-de-apresentadora","status":"publish","type":"post","link":"https:\/\/cidadebaixaonline.com.br\/index.php\/2023\/11\/16\/motoristas-protestam-em-frente-a-tv-bahia-apos-fala-de-apresentadora\/","title":{"rendered":"Motoristas protestam em frente a TV Bahia ap\u00f3s fala de apresentadora"},"content":{"rendered":"\n<p>Motoristas de aplicativos de Salvador realizaram um protesto na manh\u00e3 desta quarta-feira, 15, em frente a emissora da Rede Bahia, no bairro da Federa\u00e7\u00e3o, em Salvador. A motiva\u00e7\u00e3o teria sido os coment\u00e1rios da apresentadora J\u00e9ssica Senra, durante o programa Bahia Meio Dia de ter\u00e7a-feira, 14, que questionou as medidas de seguran\u00e7a da plataforma Uber.<\/p>\n\n\n\n<p>Na manh\u00e3 desta quarta-feira, 15, feriado da Proclama\u00e7\u00e3o da Rep\u00fablica, os profissionais, representados pela Cooperativa Mista de Motoristas e Mototaxistas por Aplicativos (Coopmmap), se reuniram em frente a sede da emissora, em S\u00e3o L\u00e1zaro para protestar, onde um \u2018buzina\u00e7o\u2019 foi realizado, al\u00e9m da via interditada pelos ve\u00edculos.<\/p>\n\n\n\n<p>&#8220;J\u00e1 estamos passando um momento t\u00e3o dif\u00edcil, com a precariza\u00e7\u00e3o do motorista, com a falta de seguran\u00e7a, e a rep\u00f3rter da TV Bahia fala no hor\u00e1rio nobre da televis\u00e3o que simplesmente n\u00e3o \u00e9 seguro andar com motorista por aplicativo. N\u00f3s precisamos que ela se retrate&#8221;, disse Vick Passos, presidente da Coopmmap<\/p>\n\n\n\n<p>Pouco depois, j\u00e1 durante a edi\u00e7\u00e3o do programa desta quarta-feira, 15, a apresentadora se manifestou sobre o assunto e disse que n\u00e3o quis generalizar a categoria, mas que a ocorr\u00eancia de casos envolvendo motoristas mancha a classe.<\/p>\n\n\n\n<p>&#8220;Meu coment\u00e1rio foi para que as plataformas garantam seguran\u00e7a \u00e0s suas passageiras. N\u00f3s temos medo. Precisa haver uma fiscaliza\u00e7\u00e3o do servi\u00e7o para dar seguran\u00e7a aos seus passageiros. Eu n\u00e3o disse que todos os motoristas s\u00e3o criminosos, ainda usei o termo &#8216;loteria marcada&#8217;. No entanto, por causa de um ou dois, a classe fica manchada&#8221;, disse Senra.&nbsp;<\/p>\n\n\n\n<p>Na sequ\u00eancia, a apresentadora ainda se descupou em caso de pronunciamento e completou dizendo que todos precisam ter melhores garantias de seguran\u00e7a.&nbsp;<\/p>\n\n\n\n<p>&#8220;Quantas vezes briguei para que voc\u00eas tenham seguran\u00e7a no trabalho? Para que os passageiros tamb\u00e9m sejam avaliados pelos motoristas. Sei que a maioria dos motoristas s\u00e3o honestos e, se houve um mal-entendido em minha fala, pe\u00e7o desculpas. Precisamos ser aliados e lutar por melhores condi\u00e7\u00f5es seguran\u00e7as&#8221;.<\/p>\n\n\n\n<p><strong>A Coopmmap enviou uma carta \u00e0 TV Bahia solicitando direito de resposta; veja:<\/strong><\/p>\n\n\n\n<p><em>Vimos estarrecidos uma reportagem da Vossa Empresa, onde a apresentadora, J\u00e9ssica Senra, Em sua malfada Linguagem e pior ainda a Interpreta\u00e7\u00e3o do ocorrido com um suposto marginal (suposto pois n\u00e3o foi julgado), denigre toda uma categoria por aplicativos que \u00e9 composto de pessoas de bem, pais e m\u00e3es de fam\u00edlia que buscam levar o sustento, o p\u00e3o de cada dia para suas casas, trabalhando at\u00e9 12h para isso, muito mais que certas profiss\u00f5es.<\/em><\/p>\n\n\n\n<p><em>Devido a esse desrespeito com a classe de motoristas por aplicativos, QUEREMOS DIRETO DE RESPOSTA, nesse mesm\u00edssimo hor\u00e1rio e com a repeti\u00e7\u00e3o no jornal das 19h.<\/em><\/p>\n\n\n\n<p><em>Nossa cooperativa n\u00e3o quer utilizar do Direito Cristalino de danos morais e mat\u00e9rias, da TV Bahia, como subsidiariamente da senhora J\u00e9ssica Senra, O prazo para entrarmos com pleito do nosso direito \u00e9 segunda-feira dia 20 de novembro de 2023.<\/em><\/p>\n\n\n\n<p>Fonte: ATarde <\/p>\n","protected":false},"excerpt":{"rendered":"<p>Motoristas de aplicativos de Salvador realizaram um protesto na manh\u00e3 desta quarta-feira, 15, em frente a emissora da Rede Bahia, no bairro da Federa\u00e7\u00e3o, em Salvador. A motiva\u00e7\u00e3o teria sido os coment\u00e1rios da apresentadora J\u00e9ssica Senra, durante o programa Bahia Meio Dia de ter\u00e7a-feira, 14, que questionou as medidas de seguran\u00e7a da plataforma Uber. Na [&hellip;]<\/p>\n","protected":false},"author":2,"featured_media":5919,"comment_status":"open","ping_status":"open","sticky":false,"template":"","format":"standard","meta":{"jnews-multi-image_gallery":[],"jnews_single_post":{"subtitle":"","format":"standard","video":"","gallery":"","source_name":"","source_url":"","via_name":"","via_url":"","override_template":"0","override":[{"template":"1","single_blog_custom":"","parallax":"1","fullscreen":"1","layout":"right-sidebar","sidebar":"default-sidebar","second_sidebar":"default-sidebar","sticky_sidebar":"1","share_position":"top","share_float_style":"share-monocrhome","show_share_counter":"0","show_view_counter":"0","show_featured":"1","show_post_meta":"1","show_post_author":"0","show_post_author_image":"1","show_post_date":"1","post_date_format":"default","post_date_format_custom":"Y\/m\/d","show_post_category":"1","show_post_reading_time":"0","post_reading_time_wpm":"300","show_zoom_button":"0","zoom_button_out_step":"2","zoom_button_in_step":"3","show_post_tag":"1","show_prev_next_post":"1","show_popup_post":"1","number_popup_post":"1","show_author_box":"0","show_post_related":"0","show_inline_post_related":"0"}],"override_image_size":"0","image_override":[{"single_post_thumbnail_size":"no-crop","single_post_gallery_size":"crop-715"}],"trending_post":"0","trending_post_position":"meta","trending_post_label":"Trending","sponsored_post":"0","sponsored_post_label":"Sponsored by","sponsored_post_name":"","sponsored_post_url":"","sponsored_post_logo_enable":"0","sponsored_post_logo":"","sponsored_post_desc":"","disable_ad":"0"},"jnews_primary_category":{"id":"","hide":""},"footnotes":""},"categories":[85],"tags":[],"class_list":["post-5918","post","type-post","status-publish","format-standard","has-post-thumbnail","hentry","category-noticias"],"_links":{"self":[{"href":"https:\/\/cidadebaixaonline.com.br\/index.php\/wp-json\/wp\/v2\/posts\/5918","targetHints":{"allow":["GET"]}}],"collection":[{"href":"https:\/\/cidadebaixaonline.com.br\/index.php\/wp-json\/wp\/v2\/posts"}],"about":[{"href":"https:\/\/cidadebaixaonline.com.br\/index.php\/wp-json\/wp\/v2\/types\/post"}],"author":[{"embeddable":true,"href":"https:\/\/cidadebaixaonline.com.br\/index.php\/wp-json\/wp\/v2\/users\/2"}],"replies":[{"embeddable":true,"href":"https:\/\/cidadebaixaonline.com.br\/index.php\/wp-json\/wp\/v2\/comments?post=5918"}],"version-history":[{"count":1,"href":"https:\/\/cidadebaixaonline.com.br\/index.php\/wp-json\/wp\/v2\/posts\/5918\/revisions"}],"predecessor-version":[{"id":5920,"href":"https:\/\/cidadebaixaonline.com.br\/index.php\/wp-json\/wp\/v2\/posts\/5918\/revisions\/5920"}],"wp:featuredmedia":[{"embeddable":true,"href":"https:\/\/cidadebaixaonline.com.br\/index.php\/wp-json\/wp\/v2\/media\/5919"}],"wp:attachment":[{"href":"https:\/\/cidadebaixaonline.com.br\/index.php\/wp-json\/wp\/v2\/media?parent=5918"}],"wp:term":[{"taxonomy":"category","embeddable":true,"href":"https:\/\/cidadebaixaonline.com.br\/index.php\/wp-json\/wp\/v2\/categories?post=5918"},{"taxonomy":"post_tag","embeddable":true,"href":"https:\/\/cidadebaixaonline.com.br\/index.php\/wp-json\/wp\/v2\/tags?post=5918"}],"curies":[{"name":"wp","href":"https:\/\/api.w.org\/{rel}","templated":true}]}}