{"id":5899,"date":"2023-11-16T10:50:24","date_gmt":"2023-11-16T13:50:24","guid":{"rendered":"https:\/\/cidadebaixaonline.com.br\/?p=5899"},"modified":"2023-11-16T10:50:26","modified_gmt":"2023-11-16T13:50:26","slug":"leo-santana-comanda-festa-do-vitora-no-domingo-em-trio-eletrico-na-barra","status":"publish","type":"post","link":"https:\/\/cidadebaixaonline.com.br\/index.php\/2023\/11\/16\/leo-santana-comanda-festa-do-vitora-no-domingo-em-trio-eletrico-na-barra\/","title":{"rendered":"L\u00e9o Santana comanda festa do Vit\u00f3ra no domingo em trio el\u00e9trico na Barra"},"content":{"rendered":"\n<p>A festa da torcida do Vit\u00f3ria parece n\u00e3o ter fim, na manh\u00e3 desta quarta-feira (15) o prefeito Bruno Reis anunciou que haver\u00e1 uma festa especial para celebrar o t\u00edtulo da S\u00e9rie B do Vit\u00f3ria. No domingo (19), L\u00e9o Santana vai comandar um trio el\u00e9trico na Barra a partir das 16h.<\/p>\n\n\n\n<p>O an\u00fancio foi realizado durante a assinatura de uma ordem de servi\u00e7o para autorizar a constru\u00e7\u00e3o de um novo estacionamento que ficar\u00e1 localizado em frente ao Est\u00e1dio Barrad\u00e3o, em Canabrava.&nbsp;<\/p>\n\n\n\n<p><em>&nbsp;&#8220;Vamos construir um estacionamento que vai atender o parque que a prefeitura est\u00e1 construindo e vai atender o Vit\u00f3ria. N\u00f3s sabemos que o principal problema aqui \u00e9 a falta de oferta de vagas e isso que gera a reten\u00e7\u00e3o no tr\u00e2nsito. N\u00f3s vamos diminuir significativamente o estacionamento. Vamos executar a obra e vamos passar a gest\u00e3o para o Vit\u00f3ria, que vai operar o estacionamento<\/em>&#8220;, afirmou o prefeito.<\/p>\n\n\n\n<p>Fonte: Varela Net <\/p>\n","protected":false},"excerpt":{"rendered":"<p>A festa da torcida do Vit\u00f3ria parece n\u00e3o ter fim, na manh\u00e3 desta quarta-feira (15) o prefeito Bruno Reis anunciou que haver\u00e1 uma festa especial para celebrar o t\u00edtulo da S\u00e9rie B do Vit\u00f3ria. No domingo (19), L\u00e9o Santana vai comandar um trio el\u00e9trico na Barra a partir das 16h. O an\u00fancio foi realizado durante [&hellip;]<\/p>\n","protected":false},"author":2,"featured_media":5900,"comment_status":"open","ping_status":"open","sticky":false,"template":"","format":"standard","meta":{"jnews-multi-image_gallery":[],"jnews_single_post":{"subtitle":"","format":"standard","video":"","gallery":"","source_name":"","source_url":"","via_name":"","via_url":"","override_template":"0","override":[{"template":"1","single_blog_custom":"","parallax":"1","fullscreen":"1","layout":"right-sidebar","sidebar":"default-sidebar","second_sidebar":"default-sidebar","sticky_sidebar":"1","share_position":"top","share_float_style":"share-monocrhome","show_share_counter":"0","show_view_counter":"0","show_featured":"1","show_post_meta":"1","show_post_author":"0","show_post_author_image":"1","show_post_date":"1","post_date_format":"default","post_date_format_custom":"Y\/m\/d","show_post_category":"1","show_post_reading_time":"0","post_reading_time_wpm":"300","show_zoom_button":"0","zoom_button_out_step":"2","zoom_button_in_step":"3","show_post_tag":"1","show_prev_next_post":"1","show_popup_post":"1","number_popup_post":"1","show_author_box":"0","show_post_related":"0","show_inline_post_related":"0"}],"override_image_size":"0","image_override":[{"single_post_thumbnail_size":"no-crop","single_post_gallery_size":"crop-715"}],"trending_post":"0","trending_post_position":"meta","trending_post_label":"Trending","sponsored_post":"0","sponsored_post_label":"Sponsored by","sponsored_post_name":"","sponsored_post_url":"","sponsored_post_logo_enable":"0","sponsored_post_logo":"","sponsored_post_desc":"","disable_ad":"0"},"jnews_primary_category":{"id":"","hide":""},"footnotes":""},"categories":[89],"tags":[],"class_list":["post-5899","post","type-post","status-publish","format-standard","has-post-thumbnail","hentry","category-esportes"],"_links":{"self":[{"href":"https:\/\/cidadebaixaonline.com.br\/index.php\/wp-json\/wp\/v2\/posts\/5899","targetHints":{"allow":["GET"]}}],"collection":[{"href":"https:\/\/cidadebaixaonline.com.br\/index.php\/wp-json\/wp\/v2\/posts"}],"about":[{"href":"https:\/\/cidadebaixaonline.com.br\/index.php\/wp-json\/wp\/v2\/types\/post"}],"author":[{"embeddable":true,"href":"https:\/\/cidadebaixaonline.com.br\/index.php\/wp-json\/wp\/v2\/users\/2"}],"replies":[{"embeddable":true,"href":"https:\/\/cidadebaixaonline.com.br\/index.php\/wp-json\/wp\/v2\/comments?post=5899"}],"version-history":[{"count":1,"href":"https:\/\/cidadebaixaonline.com.br\/index.php\/wp-json\/wp\/v2\/posts\/5899\/revisions"}],"predecessor-version":[{"id":5901,"href":"https:\/\/cidadebaixaonline.com.br\/index.php\/wp-json\/wp\/v2\/posts\/5899\/revisions\/5901"}],"wp:featuredmedia":[{"embeddable":true,"href":"https:\/\/cidadebaixaonline.com.br\/index.php\/wp-json\/wp\/v2\/media\/5900"}],"wp:attachment":[{"href":"https:\/\/cidadebaixaonline.com.br\/index.php\/wp-json\/wp\/v2\/media?parent=5899"}],"wp:term":[{"taxonomy":"category","embeddable":true,"href":"https:\/\/cidadebaixaonline.com.br\/index.php\/wp-json\/wp\/v2\/categories?post=5899"},{"taxonomy":"post_tag","embeddable":true,"href":"https:\/\/cidadebaixaonline.com.br\/index.php\/wp-json\/wp\/v2\/tags?post=5899"}],"curies":[{"name":"wp","href":"https:\/\/api.w.org\/{rel}","templated":true}]}}