{"id":5892,"date":"2023-11-14T16:12:59","date_gmt":"2023-11-14T19:12:59","guid":{"rendered":"https:\/\/cidadebaixaonline.com.br\/?p=5892"},"modified":"2023-11-14T16:13:01","modified_gmt":"2023-11-14T19:13:01","slug":"petrobras-sai-vitoriosa-em-acao-trabalhista-bilionaria-confira-os-valores","status":"publish","type":"post","link":"https:\/\/cidadebaixaonline.com.br\/index.php\/2023\/11\/14\/petrobras-sai-vitoriosa-em-acao-trabalhista-bilionaria-confira-os-valores\/","title":{"rendered":"Petrobras sai vitoriosa em a\u00e7\u00e3o trabalhista bilion\u00e1ria; confira os valores"},"content":{"rendered":"\n<p>A\u00a0Primeira Turma do Supremo Tribunal Federal (STF)\u00a0manteve, nesta segunda-feira (13), a decis\u00e3o de anular uma condena\u00e7\u00e3o trabalhista imposta \u00e0\u00a0Petrobras\u00a0que poderia causar impacto de mais de R$ 40 bilh\u00f5es para a empresa.\u00a0<\/p>\n\n\n\n<p>A previs\u00e3o inicial, quando o caso estava na Justi\u00e7a do Trabalho, era de um impacto financeiro de, pelo menos, R$ 17 bilh\u00f5es para a estatal e, em valores atualizados, representantes da Petrobras afirmam que a d\u00edvida chegaria a casa dos R$ 40 bilh\u00f5es.\u00a0<\/p>\n\n\n\n<p>A an\u00e1lise do recurso da empresa contra uma decis\u00e3o do Tribunal Superior do Trabalho (TST), foi encerrada em plen\u00e1rio virtual, que j\u00e1 teve maioria em junho deste ano, mas um pedido de vista do ministro Dias Toffoli suspendeu o caso.&nbsp;<\/p>\n\n\n\n<p>A decis\u00e3o ainda \u00e9 pass\u00edvel de recurso.<\/p>\n\n\n\n<p><strong>Entenda o caso\u00a0<\/strong><\/p>\n\n\n\n<p>O caso envolve um acordo coletivo de 2007, que estabeleceu a Remunera\u00e7\u00e3o M\u00ednima por N\u00edvel e Regime, esp\u00e9cie de piso que tentava resolver diferen\u00e7as salariais entre os trabalhadores dos setores administrativos e os que atuam em \u00e1reas de risco, o que inclui no c\u00e1lculo adicionais para trabalho em condi\u00e7\u00f5es de risco. Com isso, quem j\u00e1 recebia o acr\u00e9scimo teve percentual menor que o dos empregados da \u00e1rea administrativa.&nbsp;<\/p>\n\n\n\n<p>A disputa parou na Justi\u00e7a e envolveu a forma de c\u00e1lculo da remunera\u00e7\u00e3o. No TST, o entendimento foi de que o adicional de exposi\u00e7\u00e3o ao risco n\u00e3o poderia ser incorporado \u00e0 remunera\u00e7\u00e3o, fazendo com que a empresa tivesse que pagar um valor a mais para quem atua nestas condi\u00e7\u00f5es.&nbsp;<\/p>\n\n\n\n<p>A Petrobras recorreu ao STF e conseguiu suspender a condena\u00e7\u00e3o. Os ministros Alexandre de Moraes, relator do caso, Dias Toffoli e C\u00e1rmen L\u00facia votaram de forma favor\u00e1vel \u00e0 empresa.\u00a0<\/p>\n\n\n\n<p>Fonte: Bnews <\/p>\n\n\n\n<p><\/p>\n","protected":false},"excerpt":{"rendered":"<p>A\u00a0Primeira Turma do Supremo Tribunal Federal (STF)\u00a0manteve, nesta segunda-feira (13), a decis\u00e3o de anular uma condena\u00e7\u00e3o trabalhista imposta \u00e0\u00a0Petrobras\u00a0que poderia causar impacto de mais de R$ 40 bilh\u00f5es para a empresa.\u00a0 A previs\u00e3o inicial, quando o caso estava na Justi\u00e7a do Trabalho, era de um impacto financeiro de, pelo menos, R$ 17 bilh\u00f5es para a [&hellip;]<\/p>\n","protected":false},"author":2,"featured_media":5893,"comment_status":"open","ping_status":"open","sticky":false,"template":"","format":"standard","meta":{"jnews-multi-image_gallery":[],"jnews_single_post":{"subtitle":"","format":"standard","video":"","gallery":"","source_name":"","source_url":"","via_name":"","via_url":"","override_template":"0","override":[{"template":"1","single_blog_custom":"","parallax":"1","fullscreen":"1","layout":"right-sidebar","sidebar":"default-sidebar","second_sidebar":"default-sidebar","sticky_sidebar":"1","share_position":"top","share_float_style":"share-monocrhome","show_share_counter":"0","show_view_counter":"0","show_featured":"1","show_post_meta":"1","show_post_author":"0","show_post_author_image":"1","show_post_date":"1","post_date_format":"default","post_date_format_custom":"Y\/m\/d","show_post_category":"1","show_post_reading_time":"0","post_reading_time_wpm":"300","show_zoom_button":"0","zoom_button_out_step":"2","zoom_button_in_step":"3","show_post_tag":"1","show_prev_next_post":"1","show_popup_post":"1","number_popup_post":"1","show_author_box":"0","show_post_related":"0","show_inline_post_related":"0"}],"override_image_size":"0","image_override":[{"single_post_thumbnail_size":"no-crop","single_post_gallery_size":"crop-715"}],"trending_post":"0","trending_post_position":"meta","trending_post_label":"Trending","sponsored_post":"0","sponsored_post_label":"Sponsored by","sponsored_post_name":"","sponsored_post_url":"","sponsored_post_logo_enable":"0","sponsored_post_logo":"","sponsored_post_desc":"","disable_ad":"0"},"jnews_primary_category":{"id":"","hide":""},"footnotes":""},"categories":[107],"tags":[],"class_list":["post-5892","post","type-post","status-publish","format-standard","has-post-thumbnail","hentry","category-justica"],"_links":{"self":[{"href":"https:\/\/cidadebaixaonline.com.br\/index.php\/wp-json\/wp\/v2\/posts\/5892","targetHints":{"allow":["GET"]}}],"collection":[{"href":"https:\/\/cidadebaixaonline.com.br\/index.php\/wp-json\/wp\/v2\/posts"}],"about":[{"href":"https:\/\/cidadebaixaonline.com.br\/index.php\/wp-json\/wp\/v2\/types\/post"}],"author":[{"embeddable":true,"href":"https:\/\/cidadebaixaonline.com.br\/index.php\/wp-json\/wp\/v2\/users\/2"}],"replies":[{"embeddable":true,"href":"https:\/\/cidadebaixaonline.com.br\/index.php\/wp-json\/wp\/v2\/comments?post=5892"}],"version-history":[{"count":1,"href":"https:\/\/cidadebaixaonline.com.br\/index.php\/wp-json\/wp\/v2\/posts\/5892\/revisions"}],"predecessor-version":[{"id":5894,"href":"https:\/\/cidadebaixaonline.com.br\/index.php\/wp-json\/wp\/v2\/posts\/5892\/revisions\/5894"}],"wp:featuredmedia":[{"embeddable":true,"href":"https:\/\/cidadebaixaonline.com.br\/index.php\/wp-json\/wp\/v2\/media\/5893"}],"wp:attachment":[{"href":"https:\/\/cidadebaixaonline.com.br\/index.php\/wp-json\/wp\/v2\/media?parent=5892"}],"wp:term":[{"taxonomy":"category","embeddable":true,"href":"https:\/\/cidadebaixaonline.com.br\/index.php\/wp-json\/wp\/v2\/categories?post=5892"},{"taxonomy":"post_tag","embeddable":true,"href":"https:\/\/cidadebaixaonline.com.br\/index.php\/wp-json\/wp\/v2\/tags?post=5892"}],"curies":[{"name":"wp","href":"https:\/\/api.w.org\/{rel}","templated":true}]}}