{"id":5889,"date":"2023-11-14T15:53:43","date_gmt":"2023-11-14T18:53:43","guid":{"rendered":"https:\/\/cidadebaixaonline.com.br\/?p=5889"},"modified":"2023-11-14T15:53:44","modified_gmt":"2023-11-14T18:53:44","slug":"jeronimo-rodrigues-participa-de-inauguracao-de-nova-linha-de-refrigentes-da-ambev-na-bahia","status":"publish","type":"post","link":"https:\/\/cidadebaixaonline.com.br\/index.php\/2023\/11\/14\/jeronimo-rodrigues-participa-de-inauguracao-de-nova-linha-de-refrigentes-da-ambev-na-bahia\/","title":{"rendered":"Jer\u00f4nimo Rodrigues participa de inaugura\u00e7\u00e3o de nova linha de refrigentes da Ambev na Bahia"},"content":{"rendered":"\n<p>O\u00a0governador Jer\u00f4nimo Rodrigues (PT)\u00a0particiou nesta ter\u00e7a-feira (14) em Cama\u00e7ari, regi\u00e3o Metropolitana de Salvador, da inaugura\u00e7\u00e3o da nova linha de refrigerantes da Ambev. <\/p>\n\n\n\n<p>&#8220;\u00c9 muito importante mantermos a nossa ind\u00fastria aberta para investimentos e inova\u00e7\u00f5es, ampliando a movimenta\u00e7\u00e3o dentro do pr\u00f3prio estado, atendendo a um mercado que apresenta essa demanda e, assim, gerando mais empregos e renda na nossa Bahia&#8221;, disse o governador atrav\u00e9s de um post nas redes sociais.<\/p>\n\n\n\n<p>A unidade da Ambev em Cama\u00e7ari \u00e9 respons\u00e1vel por abastecer 11 estados e \u00e9 acumula a produ\u00e7\u00e3o de Guaran\u00e1 Antarctica, Pepsi, Sukita e Soda, al\u00e9m das cervejas Antarctica, Original, Brahma, Brahma Duplo Malte, Skol, Skol Puro Malte e Bohemia.<\/p>\n\n\n\n<p>O governador destacou ainda a parceria e o crescimento dos investimentos na regi\u00e3o.<\/p>\n\n\n\n<p>\u201cEu fico muito contente de estar aqui, hoje, visitando essas instala\u00e7\u00f5es para um an\u00fancio de uma amplia\u00e7\u00e3o dos investimentos da unidade de refrigerantes para que a Ambev possa abastecer o mercado. E, agora, justamente no final de ano, f\u00e9rias, ver\u00e3o, pr\u00e9-chegada de carnaval, a empresa se prepara para abastecer o mercado. \u00c9 mais emprego, \u00e9 mais renda para o munic\u00edpio de Cama\u00e7ari, para o estado da Bahia\u201d.<\/p>\n\n\n\n<p>Fonte: Bnews <\/p>\n","protected":false},"excerpt":{"rendered":"<p>O\u00a0governador Jer\u00f4nimo Rodrigues (PT)\u00a0particiou nesta ter\u00e7a-feira (14) em Cama\u00e7ari, regi\u00e3o Metropolitana de Salvador, da inaugura\u00e7\u00e3o da nova linha de refrigerantes da Ambev. &#8220;\u00c9 muito importante mantermos a nossa ind\u00fastria aberta para investimentos e inova\u00e7\u00f5es, ampliando a movimenta\u00e7\u00e3o dentro do pr\u00f3prio estado, atendendo a um mercado que apresenta essa demanda e, assim, gerando mais empregos e [&hellip;]<\/p>\n","protected":false},"author":2,"featured_media":5890,"comment_status":"open","ping_status":"open","sticky":false,"template":"","format":"standard","meta":{"jnews-multi-image_gallery":[],"jnews_single_post":{"subtitle":"","format":"standard","video":"","gallery":"","source_name":"","source_url":"","via_name":"","via_url":"","override_template":"0","override":[{"template":"1","single_blog_custom":"","parallax":"1","fullscreen":"1","layout":"right-sidebar","sidebar":"default-sidebar","second_sidebar":"default-sidebar","sticky_sidebar":"1","share_position":"top","share_float_style":"share-monocrhome","show_share_counter":"0","show_view_counter":"0","show_featured":"1","show_post_meta":"1","show_post_author":"0","show_post_author_image":"1","show_post_date":"1","post_date_format":"default","post_date_format_custom":"Y\/m\/d","show_post_category":"1","show_post_reading_time":"0","post_reading_time_wpm":"300","show_zoom_button":"0","zoom_button_out_step":"2","zoom_button_in_step":"3","show_post_tag":"1","show_prev_next_post":"1","show_popup_post":"1","number_popup_post":"1","show_author_box":"0","show_post_related":"0","show_inline_post_related":"0"}],"override_image_size":"0","image_override":[{"single_post_thumbnail_size":"no-crop","single_post_gallery_size":"crop-715"}],"trending_post":"0","trending_post_position":"meta","trending_post_label":"Trending","sponsored_post":"0","sponsored_post_label":"Sponsored by","sponsored_post_name":"","sponsored_post_url":"","sponsored_post_logo_enable":"0","sponsored_post_logo":"","sponsored_post_desc":"","disable_ad":"0"},"jnews_primary_category":{"id":"","hide":""},"footnotes":""},"categories":[91],"tags":[],"class_list":["post-5889","post","type-post","status-publish","format-standard","has-post-thumbnail","hentry","category-politica"],"_links":{"self":[{"href":"https:\/\/cidadebaixaonline.com.br\/index.php\/wp-json\/wp\/v2\/posts\/5889","targetHints":{"allow":["GET"]}}],"collection":[{"href":"https:\/\/cidadebaixaonline.com.br\/index.php\/wp-json\/wp\/v2\/posts"}],"about":[{"href":"https:\/\/cidadebaixaonline.com.br\/index.php\/wp-json\/wp\/v2\/types\/post"}],"author":[{"embeddable":true,"href":"https:\/\/cidadebaixaonline.com.br\/index.php\/wp-json\/wp\/v2\/users\/2"}],"replies":[{"embeddable":true,"href":"https:\/\/cidadebaixaonline.com.br\/index.php\/wp-json\/wp\/v2\/comments?post=5889"}],"version-history":[{"count":1,"href":"https:\/\/cidadebaixaonline.com.br\/index.php\/wp-json\/wp\/v2\/posts\/5889\/revisions"}],"predecessor-version":[{"id":5891,"href":"https:\/\/cidadebaixaonline.com.br\/index.php\/wp-json\/wp\/v2\/posts\/5889\/revisions\/5891"}],"wp:featuredmedia":[{"embeddable":true,"href":"https:\/\/cidadebaixaonline.com.br\/index.php\/wp-json\/wp\/v2\/media\/5890"}],"wp:attachment":[{"href":"https:\/\/cidadebaixaonline.com.br\/index.php\/wp-json\/wp\/v2\/media?parent=5889"}],"wp:term":[{"taxonomy":"category","embeddable":true,"href":"https:\/\/cidadebaixaonline.com.br\/index.php\/wp-json\/wp\/v2\/categories?post=5889"},{"taxonomy":"post_tag","embeddable":true,"href":"https:\/\/cidadebaixaonline.com.br\/index.php\/wp-json\/wp\/v2\/tags?post=5889"}],"curies":[{"name":"wp","href":"https:\/\/api.w.org\/{rel}","templated":true}]}}