{"id":5882,"date":"2023-11-14T15:16:11","date_gmt":"2023-11-14T18:16:11","guid":{"rendered":"https:\/\/cidadebaixaonline.com.br\/?p=5882"},"modified":"2023-11-14T15:16:12","modified_gmt":"2023-11-14T18:16:12","slug":"prefeitura-entrega-nova-escola-municipal-em-paripe","status":"publish","type":"post","link":"https:\/\/cidadebaixaonline.com.br\/index.php\/2023\/11\/14\/prefeitura-entrega-nova-escola-municipal-em-paripe\/","title":{"rendered":"Prefeitura entrega nova escola municipal em Paripe"},"content":{"rendered":"\n<p>Como parte da estrat\u00e9gia de qualificar a infraestrutura da rede de ensino de Salvador, a Prefeitura concluiu as obras de reconstru\u00e7\u00e3o da Escola Municipal Visconde de Cairu, em Paripe. Com investimento de R$ R$10 milh\u00f5es, a nova unidade mais do que triplicou a capacidade de atendimento na Educa\u00e7\u00e3o Infantil e foi inaugurada pelo prefeito Bruno Reis e pelo secret\u00e1rio municipal da Educa\u00e7\u00e3o (Smed), Thiago Dantas, nesta ter\u00e7a-feira (14).<\/p>\n\n\n\n<p>\u201cEsta \u00e9 a 18\u00aa escola que n\u00f3s entregamos desde 2021 nosso munic\u00edpio. Est\u00e3o em constru\u00e7\u00e3o mais outras 20 unidades e ainda vamos iniciar, nos pr\u00f3ximos dias, mais 12. Ou seja, Salvador ter\u00e1 50 novas escolas at\u00e9 o final de 2024. Esse investimento se soma a 180 estruturas reformadas nos \u00faltimos anos. Tamb\u00e9m estamos cobrindo 80 quadras e colocando ar-condicionado em todas as salas de aula\u201d, destacou Bruno Reis.<\/p>\n\n\n\n<p>O prefeito anunciou que no in\u00edcio do pr\u00f3ximo semestre a Prefeitura construir\u00e1 um complexo esportivo equipado com gin\u00e1sio e piscina ao lado da Visconde de Cairu, espa\u00e7o que vai atender tanto os alunos no local como moradores da comunidade.<\/p>\n\n\n\n<p>O chefe do Executivo municipal tamb\u00e9m relembrou os avan\u00e7os ocorridos na \u00e1rea da educa\u00e7\u00e3o, a exemplo da inser\u00e7\u00e3o digital para melhoria do aprendizado da rede a partir da entrega de tablets e chromebooks para estudantes e professores. Para o pr\u00f3ximo ano letivo, a gest\u00e3o far\u00e1 entrega de kits escolares mais completos, com acr\u00e9scimo in\u00e9dito de utens\u00edlios como mochila e dois pares de t\u00eanis para cada crian\u00e7a matriculada.<\/p>\n\n\n\n<p>*Amplia\u00e7\u00e3o* &#8211; O antigo edif\u00edcio da Escola Municipal Visconde de Cairu abrigava 187 alunos e agora pode receber at\u00e9 680 estudantes (340 por turno), nos grupos 3 a 5 da Educa\u00e7\u00e3o Infantil. S\u00e3o quase 3 mil m\u00b2 de \u00e1rea constru\u00edda, tendo 12 salas de aula climatizadas, sala multiuso e audit\u00f3rio, salas de leitura e para Atendimento Educacional Especializado (AEE), quadra poliesportiva coberta, parque infantil, recreio e acessibilidade.<\/p>\n\n\n\n<p>O local tamb\u00e9m conta com instala\u00e7\u00f5es modernas sustent\u00e1veis ao meio ambiente: h\u00e1 placas fotovoltaicas para gera\u00e7\u00e3o de energia solar e sistema de reutiliza\u00e7\u00e3o de \u00e1gua pluvial.<\/p>\n\n\n\n<p>Pai da pequena Thayla Vit\u00f3ria, 6 anos, o aut\u00f4nomo Davidson de Jesus, 29, ficou entusiasmado com a nova estrutura. \u201cFicou show de bola, muito maior do que era antes. Antigamente, n\u00e3o havia conforto, era tudo muito apertado. Agora, aqui virou uma das melhores escolas da regi\u00e3o. Acredito, sim, que isso vai influenciar bastante para o crescimento do aprendizado das crian\u00e7as\u201d, avaliou.<\/p>\n\n\n\n<p>\u201cEsse \u00e9 mais um equipamento da mais alta qualidade de infraestrutura, que proporcionou um crescimento de mais de 200% na amplia\u00e7\u00e3o de vagas. \u00c9 uma escola que vai se somar a todos os esfor\u00e7os que est\u00e3o sendo realizados para transformar a educa\u00e7\u00e3o de Salvador numa educa\u00e7\u00e3o de refer\u00eancia\u201d, complementou o titular da Smed, Thiago Dantas.<\/p>\n\n\n\n<p>Fonte: TRBN <\/p>\n","protected":false},"excerpt":{"rendered":"<p>Como parte da estrat\u00e9gia de qualificar a infraestrutura da rede de ensino de Salvador, a Prefeitura concluiu as obras de reconstru\u00e7\u00e3o da Escola Municipal Visconde de Cairu, em Paripe. Com investimento de R$ R$10 milh\u00f5es, a nova unidade mais do que triplicou a capacidade de atendimento na Educa\u00e7\u00e3o Infantil e foi inaugurada pelo prefeito Bruno [&hellip;]<\/p>\n","protected":false},"author":2,"featured_media":5883,"comment_status":"open","ping_status":"open","sticky":false,"template":"","format":"standard","meta":{"jnews-multi-image_gallery":[],"jnews_single_post":{"subtitle":"","format":"standard","video":"","gallery":"","source_name":"","source_url":"","via_name":"","via_url":"","override_template":"0","override":[{"template":"1","single_blog_custom":"","parallax":"1","fullscreen":"1","layout":"right-sidebar","sidebar":"default-sidebar","second_sidebar":"default-sidebar","sticky_sidebar":"1","share_position":"top","share_float_style":"share-monocrhome","show_share_counter":"0","show_view_counter":"0","show_featured":"1","show_post_meta":"1","show_post_author":"0","show_post_author_image":"1","show_post_date":"1","post_date_format":"default","post_date_format_custom":"Y\/m\/d","show_post_category":"1","show_post_reading_time":"0","post_reading_time_wpm":"300","show_zoom_button":"0","zoom_button_out_step":"2","zoom_button_in_step":"3","show_post_tag":"1","show_prev_next_post":"1","show_popup_post":"1","number_popup_post":"1","show_author_box":"0","show_post_related":"0","show_inline_post_related":"0"}],"override_image_size":"0","image_override":[{"single_post_thumbnail_size":"no-crop","single_post_gallery_size":"crop-715"}],"trending_post":"0","trending_post_position":"meta","trending_post_label":"Trending","sponsored_post":"0","sponsored_post_label":"Sponsored by","sponsored_post_name":"","sponsored_post_url":"","sponsored_post_logo_enable":"0","sponsored_post_logo":"","sponsored_post_desc":"","disable_ad":"0"},"jnews_primary_category":{"id":"","hide":""},"footnotes":""},"categories":[85,91],"tags":[],"class_list":["post-5882","post","type-post","status-publish","format-standard","has-post-thumbnail","hentry","category-noticias","category-politica"],"_links":{"self":[{"href":"https:\/\/cidadebaixaonline.com.br\/index.php\/wp-json\/wp\/v2\/posts\/5882","targetHints":{"allow":["GET"]}}],"collection":[{"href":"https:\/\/cidadebaixaonline.com.br\/index.php\/wp-json\/wp\/v2\/posts"}],"about":[{"href":"https:\/\/cidadebaixaonline.com.br\/index.php\/wp-json\/wp\/v2\/types\/post"}],"author":[{"embeddable":true,"href":"https:\/\/cidadebaixaonline.com.br\/index.php\/wp-json\/wp\/v2\/users\/2"}],"replies":[{"embeddable":true,"href":"https:\/\/cidadebaixaonline.com.br\/index.php\/wp-json\/wp\/v2\/comments?post=5882"}],"version-history":[{"count":1,"href":"https:\/\/cidadebaixaonline.com.br\/index.php\/wp-json\/wp\/v2\/posts\/5882\/revisions"}],"predecessor-version":[{"id":5884,"href":"https:\/\/cidadebaixaonline.com.br\/index.php\/wp-json\/wp\/v2\/posts\/5882\/revisions\/5884"}],"wp:featuredmedia":[{"embeddable":true,"href":"https:\/\/cidadebaixaonline.com.br\/index.php\/wp-json\/wp\/v2\/media\/5883"}],"wp:attachment":[{"href":"https:\/\/cidadebaixaonline.com.br\/index.php\/wp-json\/wp\/v2\/media?parent=5882"}],"wp:term":[{"taxonomy":"category","embeddable":true,"href":"https:\/\/cidadebaixaonline.com.br\/index.php\/wp-json\/wp\/v2\/categories?post=5882"},{"taxonomy":"post_tag","embeddable":true,"href":"https:\/\/cidadebaixaonline.com.br\/index.php\/wp-json\/wp\/v2\/tags?post=5882"}],"curies":[{"name":"wp","href":"https:\/\/api.w.org\/{rel}","templated":true}]}}