{"id":5879,"date":"2023-11-14T15:03:43","date_gmt":"2023-11-14T18:03:43","guid":{"rendered":"https:\/\/cidadebaixaonline.com.br\/?p=5879"},"modified":"2023-11-14T15:03:44","modified_gmt":"2023-11-14T18:03:44","slug":"crise-no-transporte-publico-acontece-em-todo-brasil-diz-bruno-reis","status":"publish","type":"post","link":"https:\/\/cidadebaixaonline.com.br\/index.php\/2023\/11\/14\/crise-no-transporte-publico-acontece-em-todo-brasil-diz-bruno-reis\/","title":{"rendered":"&#8216;Crise no transporte p\u00fablico acontece em todo Brasil&#8217;, diz Bruno Reis"},"content":{"rendered":"\n<p>Durante a entrega da nova escola municipal em Paripe, o prefeito Bruno Reis comentou sobre a situa\u00e7\u00e3o do transporte p\u00fablico em Salvador, e a import\u00e2ncia do subs\u00eddio solicitado pela prefeitura para a melhora na mobilidade. O projeto ser\u00e1 votado nesta ter\u00e7a-feira (14) pela C\u00e2mara de Vereadores.<br><br>&#8220;A crise que envolve o transporte p\u00fablico acontece em todo o Brasil, n\u00e3o \u00e9 algo somente em Salvador. Esse investimento com o subs\u00eddio tem como fun\u00e7\u00e3o a aquisi\u00e7\u00e3o de mais outros 188 \u00f4nibus novos, seja \u00f4nibus comuns, articulados ou para o BRT. Al\u00e9m do pedido de financiamento, que vai permitir a prefeitura colocar no sistema 375 outros novos \u00f4nibus, inclusive el\u00e9tricos, que hoje temos a terceira maior frota do Brasil&#8221;, disse.<\/p>\n\n\n\n<p>Bruno tamb\u00e9m aproveitou o momento para falar sobre as cr\u00edticas que tem recebido da oposi\u00e7\u00e3o e convidou a popula\u00e7\u00e3o a comparar os investimentos feitos pela Prefeitura de Salvador e o Governo do Estado. &#8220;Respeito a oposi\u00e7\u00e3o, eles podem usar os argumentos que acharem convenientes, mas pe\u00e7o que olhem para o outro lado. Olha para a situa\u00e7\u00e3o horr\u00edvel dos \u00f4nibus que entram em Salvador pelo sistema Metropolitano, ve\u00edculos deteriorados, com baratas, que siquer fazem uma limpeza. Observem quanto o governo coloca por ano no metr\u00f4. Esse reajuste \u00e9 v\u00e1lido por dois anos, todo o ano acontece reajuste e eu vou ser o \u00fanico prefeito da cidade que em quatro anos de mandatos tiveram apenas tr\u00eas reajustes&#8221;, diz.<\/p>\n\n\n\n<p>Fonte: Jornal Correio <\/p>\n","protected":false},"excerpt":{"rendered":"<p>Durante a entrega da nova escola municipal em Paripe, o prefeito Bruno Reis comentou sobre a situa\u00e7\u00e3o do transporte p\u00fablico em Salvador, e a import\u00e2ncia do subs\u00eddio solicitado pela prefeitura para a melhora na mobilidade. O projeto ser\u00e1 votado nesta ter\u00e7a-feira (14) pela C\u00e2mara de Vereadores. &#8220;A crise que envolve o transporte p\u00fablico acontece em [&hellip;]<\/p>\n","protected":false},"author":2,"featured_media":5880,"comment_status":"open","ping_status":"open","sticky":false,"template":"","format":"standard","meta":{"jnews-multi-image_gallery":[],"jnews_single_post":{"subtitle":"","format":"standard","video":"","gallery":"","source_name":"","source_url":"","via_name":"","via_url":"","override_template":"0","override":[{"template":"1","single_blog_custom":"","parallax":"1","fullscreen":"1","layout":"right-sidebar","sidebar":"default-sidebar","second_sidebar":"default-sidebar","sticky_sidebar":"1","share_position":"top","share_float_style":"share-monocrhome","show_share_counter":"0","show_view_counter":"0","show_featured":"1","show_post_meta":"1","show_post_author":"0","show_post_author_image":"1","show_post_date":"1","post_date_format":"default","post_date_format_custom":"Y\/m\/d","show_post_category":"1","show_post_reading_time":"0","post_reading_time_wpm":"300","show_zoom_button":"0","zoom_button_out_step":"2","zoom_button_in_step":"3","show_post_tag":"1","show_prev_next_post":"1","show_popup_post":"1","number_popup_post":"1","show_author_box":"0","show_post_related":"0","show_inline_post_related":"0"}],"override_image_size":"0","image_override":[{"single_post_thumbnail_size":"no-crop","single_post_gallery_size":"crop-715"}],"trending_post":"0","trending_post_position":"meta","trending_post_label":"Trending","sponsored_post":"0","sponsored_post_label":"Sponsored by","sponsored_post_name":"","sponsored_post_url":"","sponsored_post_logo_enable":"0","sponsored_post_logo":"","sponsored_post_desc":"","disable_ad":"0"},"jnews_primary_category":{"id":"","hide":""},"footnotes":""},"categories":[85],"tags":[],"class_list":["post-5879","post","type-post","status-publish","format-standard","has-post-thumbnail","hentry","category-noticias"],"_links":{"self":[{"href":"https:\/\/cidadebaixaonline.com.br\/index.php\/wp-json\/wp\/v2\/posts\/5879","targetHints":{"allow":["GET"]}}],"collection":[{"href":"https:\/\/cidadebaixaonline.com.br\/index.php\/wp-json\/wp\/v2\/posts"}],"about":[{"href":"https:\/\/cidadebaixaonline.com.br\/index.php\/wp-json\/wp\/v2\/types\/post"}],"author":[{"embeddable":true,"href":"https:\/\/cidadebaixaonline.com.br\/index.php\/wp-json\/wp\/v2\/users\/2"}],"replies":[{"embeddable":true,"href":"https:\/\/cidadebaixaonline.com.br\/index.php\/wp-json\/wp\/v2\/comments?post=5879"}],"version-history":[{"count":1,"href":"https:\/\/cidadebaixaonline.com.br\/index.php\/wp-json\/wp\/v2\/posts\/5879\/revisions"}],"predecessor-version":[{"id":5881,"href":"https:\/\/cidadebaixaonline.com.br\/index.php\/wp-json\/wp\/v2\/posts\/5879\/revisions\/5881"}],"wp:featuredmedia":[{"embeddable":true,"href":"https:\/\/cidadebaixaonline.com.br\/index.php\/wp-json\/wp\/v2\/media\/5880"}],"wp:attachment":[{"href":"https:\/\/cidadebaixaonline.com.br\/index.php\/wp-json\/wp\/v2\/media?parent=5879"}],"wp:term":[{"taxonomy":"category","embeddable":true,"href":"https:\/\/cidadebaixaonline.com.br\/index.php\/wp-json\/wp\/v2\/categories?post=5879"},{"taxonomy":"post_tag","embeddable":true,"href":"https:\/\/cidadebaixaonline.com.br\/index.php\/wp-json\/wp\/v2\/tags?post=5879"}],"curies":[{"name":"wp","href":"https:\/\/api.w.org\/{rel}","templated":true}]}}