{"id":5871,"date":"2023-11-14T13:55:19","date_gmt":"2023-11-14T16:55:19","guid":{"rendered":"https:\/\/cidadebaixaonline.com.br\/?p=5871"},"modified":"2023-11-14T13:55:21","modified_gmt":"2023-11-14T16:55:21","slug":"com-evento-marcelo-santana-lanca-candidatura-a-presidencia-do-bahia","status":"publish","type":"post","link":"https:\/\/cidadebaixaonline.com.br\/index.php\/2023\/11\/14\/com-evento-marcelo-santana-lanca-candidatura-a-presidencia-do-bahia\/","title":{"rendered":"Com evento, Marcelo Sant&#8217;Ana lan\u00e7a candidatura \u00e0 presid\u00eancia do Bahia"},"content":{"rendered":"\n<p>Ex-presidente do Bahia, Marcelo Sant&#8217;Ana lan\u00e7ou nesta ter\u00e7a-feira (14) a sua candidatura \u00e0 presid\u00eancia do Bahia em um restaurante de Salvador. Com a sua chapa homologada pela comiss\u00e3o eleitoral da associa\u00e7\u00e3o, ele buscar retornar ao comando do Tricolor para o tri\u00eanio 2024-2026.<\/p>\n\n\n\n<p>&#8220;O\u00a0dia 14 foi o prazo final para a comiss\u00e3o eleitoral sinalizar qualquer posicionamento institucional. A gente como sempre teve o h\u00e1bito, quando ocupei a diretoria executiva, quanto a Revolu\u00e7\u00e3o Tricolor, de respeitar o regulamento do Bahia e os estatutos do clube, a gente entendia que n\u00e3o era a melhor situa\u00e7\u00e3o ficar dando entrevista naquele per\u00edodo pr\u00e9. Agora, a partir do momento que todas as chapas est\u00e3o homologadas, a\u00ed sim podemos fazer o nosso lan\u00e7amento oficial&#8221;, indicou Sant&#8217;Ana.<\/p>\n\n\n<div class=\"wp-block-image\">\n<figure class=\"aligncenter size-full\"><img loading=\"lazy\" decoding=\"async\" width=\"1024\" height=\"768\" src=\"https:\/\/cidadebaixaonline.com.br\/wp-content\/uploads\/2023\/11\/image.png\" alt=\"\" class=\"wp-image-5873\" srcset=\"https:\/\/cidadebaixaonline.com.br\/wp-content\/uploads\/2023\/11\/image.png 1024w, https:\/\/cidadebaixaonline.com.br\/wp-content\/uploads\/2023\/11\/image-300x225.png 300w, https:\/\/cidadebaixaonline.com.br\/wp-content\/uploads\/2023\/11\/image-768x576.png 768w\" sizes=\"auto, (max-width: 1024px) 100vw, 1024px\" \/><\/figure><\/div>\n\n\n<p>Sant&#8217;Ana ter\u00e1 como vice Rog\u00e9rio Gargur. Os dois fazem parte da chapa Revolu\u00e7\u00e3o Tricolor, que ter\u00e1 o n\u00famero 31 como refer\u00eancia nas urnas das elei\u00e7\u00f5es do Esquadr\u00e3o de A\u00e7o.<\/p>\n\n\n\n<p>O pleito vai ocorrer no pr\u00f3ximo dia 2 de dezembro, na Arena Fonte Nova e de forma virtual para todos os associados. Ele vai concorrer com Emerson Ferretti, Marcus Verhine, Leonardo Martinez e Ja\u00edlson Bara\u00fana.\u00a0<\/p>\n\n\n\n<p>Fonte: Bahia Not\u00edcias <\/p>\n","protected":false},"excerpt":{"rendered":"<p>Ex-presidente do Bahia, Marcelo Sant&#8217;Ana lan\u00e7ou nesta ter\u00e7a-feira (14) a sua candidatura \u00e0 presid\u00eancia do Bahia em um restaurante de Salvador. Com a sua chapa homologada pela comiss\u00e3o eleitoral da associa\u00e7\u00e3o, ele buscar retornar ao comando do Tricolor para o tri\u00eanio 2024-2026. &#8220;O\u00a0dia 14 foi o prazo final para a comiss\u00e3o eleitoral sinalizar qualquer posicionamento [&hellip;]<\/p>\n","protected":false},"author":2,"featured_media":5872,"comment_status":"open","ping_status":"open","sticky":false,"template":"","format":"standard","meta":{"jnews-multi-image_gallery":[],"jnews_single_post":{"subtitle":"","format":"standard","video":"","gallery":"","source_name":"","source_url":"","via_name":"","via_url":"","override_template":"0","override":[{"template":"1","single_blog_custom":"","parallax":"1","fullscreen":"1","layout":"right-sidebar","sidebar":"default-sidebar","second_sidebar":"default-sidebar","sticky_sidebar":"1","share_position":"top","share_float_style":"share-monocrhome","show_share_counter":"0","show_view_counter":"0","show_featured":"1","show_post_meta":"1","show_post_author":"0","show_post_author_image":"1","show_post_date":"1","post_date_format":"default","post_date_format_custom":"Y\/m\/d","show_post_category":"1","show_post_reading_time":"0","post_reading_time_wpm":"300","show_zoom_button":"0","zoom_button_out_step":"2","zoom_button_in_step":"3","show_post_tag":"1","show_prev_next_post":"1","show_popup_post":"1","number_popup_post":"1","show_author_box":"0","show_post_related":"0","show_inline_post_related":"0"}],"override_image_size":"0","image_override":[{"single_post_thumbnail_size":"no-crop","single_post_gallery_size":"crop-715"}],"trending_post":"0","trending_post_position":"meta","trending_post_label":"Trending","sponsored_post":"0","sponsored_post_label":"Sponsored by","sponsored_post_name":"","sponsored_post_url":"","sponsored_post_logo_enable":"0","sponsored_post_logo":"","sponsored_post_desc":"","disable_ad":"0"},"jnews_primary_category":{"id":"","hide":""},"footnotes":""},"categories":[89],"tags":[],"class_list":["post-5871","post","type-post","status-publish","format-standard","has-post-thumbnail","hentry","category-esportes"],"_links":{"self":[{"href":"https:\/\/cidadebaixaonline.com.br\/index.php\/wp-json\/wp\/v2\/posts\/5871","targetHints":{"allow":["GET"]}}],"collection":[{"href":"https:\/\/cidadebaixaonline.com.br\/index.php\/wp-json\/wp\/v2\/posts"}],"about":[{"href":"https:\/\/cidadebaixaonline.com.br\/index.php\/wp-json\/wp\/v2\/types\/post"}],"author":[{"embeddable":true,"href":"https:\/\/cidadebaixaonline.com.br\/index.php\/wp-json\/wp\/v2\/users\/2"}],"replies":[{"embeddable":true,"href":"https:\/\/cidadebaixaonline.com.br\/index.php\/wp-json\/wp\/v2\/comments?post=5871"}],"version-history":[{"count":1,"href":"https:\/\/cidadebaixaonline.com.br\/index.php\/wp-json\/wp\/v2\/posts\/5871\/revisions"}],"predecessor-version":[{"id":5874,"href":"https:\/\/cidadebaixaonline.com.br\/index.php\/wp-json\/wp\/v2\/posts\/5871\/revisions\/5874"}],"wp:featuredmedia":[{"embeddable":true,"href":"https:\/\/cidadebaixaonline.com.br\/index.php\/wp-json\/wp\/v2\/media\/5872"}],"wp:attachment":[{"href":"https:\/\/cidadebaixaonline.com.br\/index.php\/wp-json\/wp\/v2\/media?parent=5871"}],"wp:term":[{"taxonomy":"category","embeddable":true,"href":"https:\/\/cidadebaixaonline.com.br\/index.php\/wp-json\/wp\/v2\/categories?post=5871"},{"taxonomy":"post_tag","embeddable":true,"href":"https:\/\/cidadebaixaonline.com.br\/index.php\/wp-json\/wp\/v2\/tags?post=5871"}],"curies":[{"name":"wp","href":"https:\/\/api.w.org\/{rel}","templated":true}]}}