{"id":5868,"date":"2023-11-14T13:32:31","date_gmt":"2023-11-14T16:32:31","guid":{"rendered":"https:\/\/cidadebaixaonline.com.br\/?p=5868"},"modified":"2023-11-14T13:32:34","modified_gmt":"2023-11-14T16:32:34","slug":"video-mostra-everton-se-aproximando-de-uma-das-mulheres-que-o-acusa-de-importunacao-sexual","status":"publish","type":"post","link":"https:\/\/cidadebaixaonline.com.br\/index.php\/2023\/11\/14\/video-mostra-everton-se-aproximando-de-uma-das-mulheres-que-o-acusa-de-importunacao-sexual\/","title":{"rendered":"V\u00eddeo mostra Everton se aproximando de uma das mulheres que o acusa de importuna\u00e7\u00e3o sexual"},"content":{"rendered":"\n<p>Um v\u00eddeo registrado pelo circuito de seguran\u00e7a de uma casa em Paul\u00ednia (SP) revelou uma aproxima\u00e7\u00e3o entre o atacante Everton, que j\u00e1 atuou no Flamengo, S\u00e3o Paulo e Gr\u00eamio, e uma mulher que o denunciou por importuna\u00e7\u00e3o sexual e les\u00e3o corporal na segunda-feira (13). Al\u00e9m dela, uma outra mulher tamb\u00e9m registrou um boletim de ocorr\u00eancia na delegacia da cidade. O jogador hoje atua para o time&nbsp;Ponte Preta.<\/p>\n\n\n\n<p>Nas imagens, que foram obtidas pela EPTV, afiliada da TV Globo, \u00e9 poss\u00edvel ver dez pessoas, homens e mulheres, em uma confraterniza\u00e7\u00e3o dentro da piscina. O jogador se aproxima de uma das mulheres e se encosta nela, e logo em seguida a mulher se vira e o empurra.&nbsp;<\/p>\n\n\n\n<p>As duas v\u00edtimas s\u00e3o irm\u00e3s e afirmam que Everton passou a m\u00e3o na n\u00e1dega delas dentro da piscina. Elas ainda apontam que ap\u00f3s ser confrontado o jogador agrediu as v\u00edtimas. Segundo o advogado, Erico Claro, o jogador ainda teria mordido uma das mulheres ap\u00f3s o in\u00edcio da discuss\u00e3o que se estendeu para fora do condom\u00ednio.<\/p>\n\n\n\n<p>Fonte: Metro1 <\/p>\n","protected":false},"excerpt":{"rendered":"<p>Um v\u00eddeo registrado pelo circuito de seguran\u00e7a de uma casa em Paul\u00ednia (SP) revelou uma aproxima\u00e7\u00e3o entre o atacante Everton, que j\u00e1 atuou no Flamengo, S\u00e3o Paulo e Gr\u00eamio, e uma mulher que o denunciou por importuna\u00e7\u00e3o sexual e les\u00e3o corporal na segunda-feira (13). Al\u00e9m dela, uma outra mulher tamb\u00e9m registrou um boletim de ocorr\u00eancia [&hellip;]<\/p>\n","protected":false},"author":2,"featured_media":5869,"comment_status":"open","ping_status":"open","sticky":false,"template":"","format":"standard","meta":{"jnews-multi-image_gallery":[],"jnews_single_post":{"subtitle":"","format":"standard","video":"","gallery":"","source_name":"","source_url":"","via_name":"","via_url":"","override_template":"0","override":[{"template":"1","single_blog_custom":"","parallax":"1","fullscreen":"1","layout":"right-sidebar","sidebar":"default-sidebar","second_sidebar":"default-sidebar","sticky_sidebar":"1","share_position":"top","share_float_style":"share-monocrhome","show_share_counter":"0","show_view_counter":"0","show_featured":"1","show_post_meta":"1","show_post_author":"0","show_post_author_image":"1","show_post_date":"1","post_date_format":"default","post_date_format_custom":"Y\/m\/d","show_post_category":"1","show_post_reading_time":"0","post_reading_time_wpm":"300","show_zoom_button":"0","zoom_button_out_step":"2","zoom_button_in_step":"3","show_post_tag":"1","show_prev_next_post":"1","show_popup_post":"1","number_popup_post":"1","show_author_box":"0","show_post_related":"0","show_inline_post_related":"0"}],"override_image_size":"0","image_override":[{"single_post_thumbnail_size":"no-crop","single_post_gallery_size":"crop-715"}],"trending_post":"0","trending_post_position":"meta","trending_post_label":"Trending","sponsored_post":"0","sponsored_post_label":"Sponsored by","sponsored_post_name":"","sponsored_post_url":"","sponsored_post_logo_enable":"0","sponsored_post_logo":"","sponsored_post_desc":"","disable_ad":"0"},"jnews_primary_category":{"id":"","hide":""},"footnotes":""},"categories":[85],"tags":[],"class_list":["post-5868","post","type-post","status-publish","format-standard","has-post-thumbnail","hentry","category-noticias"],"_links":{"self":[{"href":"https:\/\/cidadebaixaonline.com.br\/index.php\/wp-json\/wp\/v2\/posts\/5868","targetHints":{"allow":["GET"]}}],"collection":[{"href":"https:\/\/cidadebaixaonline.com.br\/index.php\/wp-json\/wp\/v2\/posts"}],"about":[{"href":"https:\/\/cidadebaixaonline.com.br\/index.php\/wp-json\/wp\/v2\/types\/post"}],"author":[{"embeddable":true,"href":"https:\/\/cidadebaixaonline.com.br\/index.php\/wp-json\/wp\/v2\/users\/2"}],"replies":[{"embeddable":true,"href":"https:\/\/cidadebaixaonline.com.br\/index.php\/wp-json\/wp\/v2\/comments?post=5868"}],"version-history":[{"count":1,"href":"https:\/\/cidadebaixaonline.com.br\/index.php\/wp-json\/wp\/v2\/posts\/5868\/revisions"}],"predecessor-version":[{"id":5870,"href":"https:\/\/cidadebaixaonline.com.br\/index.php\/wp-json\/wp\/v2\/posts\/5868\/revisions\/5870"}],"wp:featuredmedia":[{"embeddable":true,"href":"https:\/\/cidadebaixaonline.com.br\/index.php\/wp-json\/wp\/v2\/media\/5869"}],"wp:attachment":[{"href":"https:\/\/cidadebaixaonline.com.br\/index.php\/wp-json\/wp\/v2\/media?parent=5868"}],"wp:term":[{"taxonomy":"category","embeddable":true,"href":"https:\/\/cidadebaixaonline.com.br\/index.php\/wp-json\/wp\/v2\/categories?post=5868"},{"taxonomy":"post_tag","embeddable":true,"href":"https:\/\/cidadebaixaonline.com.br\/index.php\/wp-json\/wp\/v2\/tags?post=5868"}],"curies":[{"name":"wp","href":"https:\/\/api.w.org\/{rel}","templated":true}]}}