{"id":5865,"date":"2023-11-14T13:27:09","date_gmt":"2023-11-14T16:27:09","guid":{"rendered":"https:\/\/cidadebaixaonline.com.br\/?p=5865"},"modified":"2023-11-14T13:27:12","modified_gmt":"2023-11-14T16:27:12","slug":"setor-de-servicos-tem-queda-de-03-em-setembro-aponta-ibge","status":"publish","type":"post","link":"https:\/\/cidadebaixaonline.com.br\/index.php\/2023\/11\/14\/setor-de-servicos-tem-queda-de-03-em-setembro-aponta-ibge\/","title":{"rendered":"Setor de servi\u00e7os tem queda de 0,3% em setembro, aponta IBGE"},"content":{"rendered":"\n<p>O volume de servi\u00e7os prestados no pa\u00eds registrou queda de 0,3% em setembro, na compara\u00e7\u00e3o com o m\u00eas anterior. Foi o segundo recuo consecutivo do setor, que acumula perda de 1,6% e eliminou parte do ganho de 2,2% do resultado obtido de maio a julho. Os n\u00fameros fazem parte da Pesquisa Mensal de Servi\u00e7os (PMS), divulgada nesta ter\u00e7a-feira (14) pelo Instituto Brasileiro de Geografia e Estat\u00edstica (IBGE).<\/p>\n\n\n\n<p>Ap\u00f3s o resultado de setembro, o setor de servi\u00e7os ficou 10,8% acima do n\u00edvel que tinha na pr\u00e9-pandemia, em fevereiro de 2020. De acordo com o IBGE, o setor ficou ainda 2,6% abaixo do ponto mais alto da s\u00e9rie hist\u00f3rica, em dezembro de 2022. No acumulado do ano, o volume de servi\u00e7os tem alta de 3,4% em rela\u00e7\u00e3o ao mesmo per\u00edodo de 2022. O percentual \u00e9 4,4% no acumulado dos \u00faltimos 12 meses.<\/p>\n\n\n\n<p>O analista da pesquisa Rodrigo Lobo disse que setembro foi o terceiro m\u00eas de menor receita oriunda de presta\u00e7\u00e3o de servi\u00e7os no ano, na frente apenas de janeiro e abril. Entre as cinco atividades da PMS, tr\u00eas tiveram queda. O destaque foi para o setor de servi\u00e7os profissionais, administrativos e complementares, que ca\u00edram 1,1%. O motivo foi a menor receita vinda das atividades jur\u00eddicas, de limpeza e de servi\u00e7os de engenharia. Com o resultado, a atividade eliminou o ganho de 0,8% verificado em agosto.<\/p>\n\n\n\n<p>\u201cHouve apenas uma movimenta\u00e7\u00e3o natural do conjunto de empresas que comp\u00f5em esses segmentos, n\u00e3o identificamos nenhum componente especial que tenha motivado a queda do setor\u201d, comentou o analista.<\/p>\n\n\n\n<p>A queda na atividade de informa\u00e7\u00e3o e comunica\u00e7\u00e3o tamb\u00e9m chamou aten\u00e7\u00e3o. O recuo de 0,7% foi o terceiro seguido. No per\u00edodo de julho a setembro acumulou perda de 1,7%, resultado da press\u00e3o do setor de suporte t\u00e9cnico, manuten\u00e7\u00e3o e outros servi\u00e7os em TI.<\/p>\n\n\n\n<p>Os transportes tiveram queda de 0,2%, influenciada pelos setores de transporte rodovi\u00e1rio de carga que, segundo o IBGE, \u00e9 o principal segmento desse grupo e um dos maiores pesos da pesquisa, seguido por transporte a\u00e9reo de passageiros.<\/p>\n\n\n\n<p>\u201cNeste ramo, o resultado foi influenciado pelo aumento das passagens a\u00e9reas observado em setembro (13,47%), o que acabou pressionando negativamente a receita real das companhias a\u00e9reas\u201d, explicou o analista.<\/p>\n\n\n\n<h2 class=\"wp-block-heading\">Altas<\/h2>\n\n\n\n<p>O setor de servi\u00e7os prestados \u00e0s fam\u00edlias avan\u00e7ou 3% e foi um dos dois que apresentaram alta no m\u00eas. O setor recuperou a maior parte da queda de agosto, de 3,7%. Conforme a pesquisa, a principal influ\u00eancia para o resultado positivo do segmento Outros servi\u00e7os prestados \u00e0s fam\u00edlias, foi o festival de m\u00fasica The Town. \u201cHouve um grande festival de m\u00fasica, realizado em S\u00e3o Paulo, em setembro, que acabou impactando no setor como um todo\u201d, observou Rodrigo Lobo.<\/p>\n\n\n\n<p>O segundo setor que registrou alta de 0,8% foi o de outros servi\u00e7os, que avan\u00e7ou depois de tr\u00eas resultados negativos seguidos, nos quais acumulou perda de 3,3%.<\/p>\n\n\n\n<p>A PMS indicou ainda que 17 das 27 unidades da Federa\u00e7\u00e3o (UF) registraram queda no volume de servi\u00e7os em setembro, frente ao m\u00eas anterior. Com o recuo de 1,2%, S\u00e3o Paulo representou o impacto negativo mais importante, seguido por Goi\u00e1s (-4,5%), Rio Grande do Sul (-1,6%) e Distrito Federal (-2,6%). Em movimento contr\u00e1rio, Rio de Janeiro (1,9%), Cear\u00e1 (1,9%) e Pernambuco (1,0%) foram as principais altas.<\/p>\n\n\n\n<h2 class=\"wp-block-heading\">Retra\u00e7\u00e3o<\/h2>\n\n\n\n<p>Em rela\u00e7\u00e3o ao resultado de setembro de 2022, o volume de servi\u00e7os apresentou queda de 1,2% e interrompeu a sequ\u00eancia de 2 anos e 6 meses de taxas positivas, nessa compara\u00e7\u00e3o.<\/p>\n\n\n\n<p>De acordo com o pesquisador Rodrigo Lobo, \u201ca queda foi relativamente disseminada na an\u00e1lise setorial, mas em \u00e2mbito regional, apenas 10 das 27 unidades da Federa\u00e7\u00e3o acompanharam o movimento de queda verificado no pa\u00eds como um todo\u201d.&nbsp;<\/p>\n\n\n\n<p>A retra\u00e7\u00e3o foi puxada pelos setores de transportes e de outros servi\u00e7os, e regionalmente S\u00e3o Paulo liderou as perdas do setor de servi\u00e7os.<\/p>\n\n\n\n<p>\u201cAs menores receitas vindas de gest\u00e3o de portos terminais, transporte rodovi\u00e1rio coletivo de passageiros e de servi\u00e7os financeiros auxiliares, investigadas nos dois setores mencionados, coincidem com as press\u00f5es negativas verificadas em S\u00e3o Paulo, que acabou tendo papel determinante para que \u00edndice nacional tivesse recuado\u201d, explica o analista.<\/p>\n\n\n\n<p>O recuo mais importante ficou com S\u00e3o Paulo (-7,3%), mas entre os avan\u00e7os Mato Grosso (20,8%) ficou na frente, acompanhado de Mato Grosso do Sul (12,4%), Paran\u00e1 (11,1%), Rio de Janeiro (5,5%), Cear\u00e1 (5,3%) e Minas Gerais (4,3%).<\/p>\n\n\n\n<p>No acumulado do ano at\u00e9 setembro, 25 das 27 unidades da Federa\u00e7\u00e3o apresentaram alta do volume de servi\u00e7os, se comparado a igual per\u00edodo de 2022.&nbsp;<\/p>\n\n\n\n<p>Os principais impactos positivos foram de Minas Gerais (8,4%), Paran\u00e1 (11,9%) e Rio de Janeiro (5,2%), seguidos por Mato Grosso (18,1%), Santa Catarina (9,2%) e Rio Grande do Sul (6,0%). As \u00fanicas influ\u00eancias negativas foram de S\u00e3o Paulo (-0,9%) e Amap\u00e1 (-3,8%), mostrou a pesquisa.<\/p>\n\n\n\n<p>Depois da perda de 1,4% no m\u00eas anterior, o \u00edndice de atividades tur\u00edsticas subiu 1,5% na passagem de agosto para setembro. Ap\u00f3s o resultado, o segmento est\u00e1 4,5% acima do patamar de fevereiro de 2020 e 2,9% abaixo do ponto mais alto da s\u00e9rie, registrado em fevereiro de 2014.<\/p>\n\n\n\n<p>As contribui\u00e7\u00f5es positivas mais relevantes, regionalmente, entre os 12 locais pesquisados, ficaram com Rio de Janeiro (9,7%), Minas Gerais (2,1%) e Santa Catarina (6,2%). Ao contr\u00e1rio, Cear\u00e1 (-1,7%), Rio Grande do Sul (-0,6%) e Distrito Federal (-0,7%) foram os principais recuos em termos regionais.<\/p>\n\n\n\n<p>Fonte: Agencia Brasil<\/p>\n","protected":false},"excerpt":{"rendered":"<p>O volume de servi\u00e7os prestados no pa\u00eds registrou queda de 0,3% em setembro, na compara\u00e7\u00e3o com o m\u00eas anterior. Foi o segundo recuo consecutivo do setor, que acumula perda de 1,6% e eliminou parte do ganho de 2,2% do resultado obtido de maio a julho. Os n\u00fameros fazem parte da Pesquisa Mensal de Servi\u00e7os (PMS), [&hellip;]<\/p>\n","protected":false},"author":2,"featured_media":5866,"comment_status":"open","ping_status":"open","sticky":false,"template":"","format":"standard","meta":{"jnews-multi-image_gallery":[],"jnews_single_post":{"subtitle":"","format":"standard","video":"","gallery":"","source_name":"","source_url":"","via_name":"","via_url":"","override_template":"0","override":[{"template":"1","single_blog_custom":"","parallax":"1","fullscreen":"1","layout":"right-sidebar","sidebar":"default-sidebar","second_sidebar":"default-sidebar","sticky_sidebar":"1","share_position":"top","share_float_style":"share-monocrhome","show_share_counter":"0","show_view_counter":"0","show_featured":"1","show_post_meta":"1","show_post_author":"0","show_post_author_image":"1","show_post_date":"1","post_date_format":"default","post_date_format_custom":"Y\/m\/d","show_post_category":"1","show_post_reading_time":"0","post_reading_time_wpm":"300","show_zoom_button":"0","zoom_button_out_step":"2","zoom_button_in_step":"3","show_post_tag":"1","show_prev_next_post":"1","show_popup_post":"1","number_popup_post":"1","show_author_box":"0","show_post_related":"0","show_inline_post_related":"0"}],"override_image_size":"0","image_override":[{"single_post_thumbnail_size":"no-crop","single_post_gallery_size":"crop-715"}],"trending_post":"0","trending_post_position":"meta","trending_post_label":"Trending","sponsored_post":"0","sponsored_post_label":"Sponsored by","sponsored_post_name":"","sponsored_post_url":"","sponsored_post_logo_enable":"0","sponsored_post_logo":"","sponsored_post_desc":"","disable_ad":"0"},"jnews_primary_category":{"id":"","hide":""},"footnotes":""},"categories":[92],"tags":[],"class_list":["post-5865","post","type-post","status-publish","format-standard","has-post-thumbnail","hentry","category-economia"],"_links":{"self":[{"href":"https:\/\/cidadebaixaonline.com.br\/index.php\/wp-json\/wp\/v2\/posts\/5865","targetHints":{"allow":["GET"]}}],"collection":[{"href":"https:\/\/cidadebaixaonline.com.br\/index.php\/wp-json\/wp\/v2\/posts"}],"about":[{"href":"https:\/\/cidadebaixaonline.com.br\/index.php\/wp-json\/wp\/v2\/types\/post"}],"author":[{"embeddable":true,"href":"https:\/\/cidadebaixaonline.com.br\/index.php\/wp-json\/wp\/v2\/users\/2"}],"replies":[{"embeddable":true,"href":"https:\/\/cidadebaixaonline.com.br\/index.php\/wp-json\/wp\/v2\/comments?post=5865"}],"version-history":[{"count":1,"href":"https:\/\/cidadebaixaonline.com.br\/index.php\/wp-json\/wp\/v2\/posts\/5865\/revisions"}],"predecessor-version":[{"id":5867,"href":"https:\/\/cidadebaixaonline.com.br\/index.php\/wp-json\/wp\/v2\/posts\/5865\/revisions\/5867"}],"wp:featuredmedia":[{"embeddable":true,"href":"https:\/\/cidadebaixaonline.com.br\/index.php\/wp-json\/wp\/v2\/media\/5866"}],"wp:attachment":[{"href":"https:\/\/cidadebaixaonline.com.br\/index.php\/wp-json\/wp\/v2\/media?parent=5865"}],"wp:term":[{"taxonomy":"category","embeddable":true,"href":"https:\/\/cidadebaixaonline.com.br\/index.php\/wp-json\/wp\/v2\/categories?post=5865"},{"taxonomy":"post_tag","embeddable":true,"href":"https:\/\/cidadebaixaonline.com.br\/index.php\/wp-json\/wp\/v2\/tags?post=5865"}],"curies":[{"name":"wp","href":"https:\/\/api.w.org\/{rel}","templated":true}]}}