{"id":5856,"date":"2023-11-14T10:40:47","date_gmt":"2023-11-14T13:40:47","guid":{"rendered":"https:\/\/cidadebaixaonline.com.br\/?p=5856"},"modified":"2023-11-14T10:40:49","modified_gmt":"2023-11-14T13:40:49","slug":"operacao-apreende-25-toneladas-de-carvao-vegetal-e-resgata-mais-de-100-aves","status":"publish","type":"post","link":"https:\/\/cidadebaixaonline.com.br\/index.php\/2023\/11\/14\/operacao-apreende-25-toneladas-de-carvao-vegetal-e-resgata-mais-de-100-aves\/","title":{"rendered":"Opera\u00e7\u00e3o apreende 2,5 toneladas de carv\u00e3o vegetal e resgata mais de 100 aves"},"content":{"rendered":"\n<p>O Instituto do Meio Ambiente e Recursos H\u00eddricos (Inema), em a\u00e7\u00e3o conjunta com a Companhia Independente de Pol\u00edcia de Prote\u00e7\u00e3o Ambiental (CIPPA\/ Len\u00e7\u00f3is), realiza at\u00e9 o dia 17\/11 a opera\u00e7\u00e3o \u201cAsas Livres\u201d, com a\u00e7\u00f5es de fiscaliza\u00e7\u00e3o ambiental no entorno do Parque Estadual e do Ref\u00fagio da Vida Silvestre da Serra dos Montes Altos. A a\u00e7\u00e3o teve como objetivo combater diversos il\u00edcitos ambientais, especialmente, criadores ilegais de p\u00e1ssaros silvestres nos munic\u00edpios de Guanambi, Candiba e Pinda\u00ed.<\/p>\n\n\n\n<p>Durante as incurs\u00f5es, os agentes ambientais encontraram uma carvoaria em pleno funcionamento, no munic\u00edpio de Sebasti\u00e3o Laranjeiras, sem o Documento de Origem Florestal (DOF), requisito legal obrigat\u00f3rio para este tipo de atividade. Na ocasi\u00e3o foram apreendidas 2,5 t de carv\u00e3o vegetal, uma parte embalada e pronta para ser comercializada, al\u00e9m de madeira que ainda seria queimada.<\/p>\n\n\n\n<p>Nesta primeira etapa da opera\u00e7\u00e3o, tamb\u00e9m foram resgatadas mais de 100 aves silvestres, de diversas esp\u00e9cies, mantidas em cativeiro de forma irregular. As que estavam aptas foram devolvidas \u00e0 natureza em \u00e1reas de Reserva Legal. J\u00e1 os animais que apresentavam necessidade de interven\u00e7\u00e3o cl\u00ednica e de um processo de reabilita\u00e7\u00e3o seguiram para o Centro de Triagem de Animais Silvestres (Cetas) de Vit\u00f3ria da Conquista. Os infratores foram apresentados \u00e0 Pol\u00edcia Civil.<\/p>\n\n\n\n<p>\u201cForam verificadas a\u00e7\u00f5es de desmatamento ilegal e queimadas, nesses casos as atividades foram interditadas e os propriet\u00e1rios ser\u00e3o multados e notificados para recuperarem as \u00e1reas em que suprimiram a vegeta\u00e7\u00e3o nativa\u201d, relatou o t\u00e9cnico em Meio Ambiente e Recursos H\u00eddricos do Inema, Paulo Pereira.<\/p>\n\n\n\n<p>O bi\u00f3logo e representante do Inema na gest\u00e3o do Parque Estadual da Serra dos Montes Altos, Lailton Fernandes, ressaltou que em paralelo \u00e0s a\u00e7\u00f5es de fiscaliza\u00e7\u00e3o, a equipe realizou um trabalho de sensibiliza\u00e7\u00e3o junto aos moradores do entorno do Parque. \u201cExplicamos de maneira did\u00e1tica a import\u00e2ncia ecol\u00f3gica dos p\u00e1ssaros para o meio ambiente. Ao tempo que incentivamos a entrega volunt\u00e1ria destes animais ao \u00f3rg\u00e3o ambiental, ato que isenta o criador de penalidades\u201d.<\/p>\n\n\n\n<p>\u201cEstas aves, assim como os demais animais, s\u00e3o de grande import\u00e2ncia para o equil\u00edbrio ambiental da Unidade de Conserva\u00e7\u00e3o, pois atuam na poliniza\u00e7\u00e3o das plantas e na dispers\u00e3o de sementes, garantindo a variabilidade gen\u00e9tica das esp\u00e9cies de vegetais\u201d, completou o gestor.<\/p>\n\n\n\n<p>Fonte: TRBN <\/p>\n","protected":false},"excerpt":{"rendered":"<p>O Instituto do Meio Ambiente e Recursos H\u00eddricos (Inema), em a\u00e7\u00e3o conjunta com a Companhia Independente de Pol\u00edcia de Prote\u00e7\u00e3o Ambiental (CIPPA\/ Len\u00e7\u00f3is), realiza at\u00e9 o dia 17\/11 a opera\u00e7\u00e3o \u201cAsas Livres\u201d, com a\u00e7\u00f5es de fiscaliza\u00e7\u00e3o ambiental no entorno do Parque Estadual e do Ref\u00fagio da Vida Silvestre da Serra dos Montes Altos. A a\u00e7\u00e3o [&hellip;]<\/p>\n","protected":false},"author":2,"featured_media":5857,"comment_status":"open","ping_status":"open","sticky":false,"template":"","format":"standard","meta":{"jnews-multi-image_gallery":[],"jnews_single_post":{"subtitle":"","format":"standard","video":"","gallery":"","source_name":"","source_url":"","via_name":"","via_url":"","override_template":"0","override":[{"template":"1","single_blog_custom":"","parallax":"1","fullscreen":"1","layout":"right-sidebar","sidebar":"default-sidebar","second_sidebar":"default-sidebar","sticky_sidebar":"1","share_position":"top","share_float_style":"share-monocrhome","show_share_counter":"0","show_view_counter":"0","show_featured":"1","show_post_meta":"1","show_post_author":"0","show_post_author_image":"1","show_post_date":"1","post_date_format":"default","post_date_format_custom":"Y\/m\/d","show_post_category":"1","show_post_reading_time":"0","post_reading_time_wpm":"300","show_zoom_button":"0","zoom_button_out_step":"2","zoom_button_in_step":"3","show_post_tag":"1","show_prev_next_post":"1","show_popup_post":"1","number_popup_post":"1","show_author_box":"0","show_post_related":"0","show_inline_post_related":"0"}],"override_image_size":"0","image_override":[{"single_post_thumbnail_size":"no-crop","single_post_gallery_size":"crop-715"}],"trending_post":"0","trending_post_position":"meta","trending_post_label":"Trending","sponsored_post":"0","sponsored_post_label":"Sponsored by","sponsored_post_name":"","sponsored_post_url":"","sponsored_post_logo_enable":"0","sponsored_post_logo":"","sponsored_post_desc":"","disable_ad":"0"},"jnews_primary_category":{"id":"","hide":""},"footnotes":""},"categories":[85],"tags":[],"class_list":["post-5856","post","type-post","status-publish","format-standard","has-post-thumbnail","hentry","category-noticias"],"_links":{"self":[{"href":"https:\/\/cidadebaixaonline.com.br\/index.php\/wp-json\/wp\/v2\/posts\/5856","targetHints":{"allow":["GET"]}}],"collection":[{"href":"https:\/\/cidadebaixaonline.com.br\/index.php\/wp-json\/wp\/v2\/posts"}],"about":[{"href":"https:\/\/cidadebaixaonline.com.br\/index.php\/wp-json\/wp\/v2\/types\/post"}],"author":[{"embeddable":true,"href":"https:\/\/cidadebaixaonline.com.br\/index.php\/wp-json\/wp\/v2\/users\/2"}],"replies":[{"embeddable":true,"href":"https:\/\/cidadebaixaonline.com.br\/index.php\/wp-json\/wp\/v2\/comments?post=5856"}],"version-history":[{"count":1,"href":"https:\/\/cidadebaixaonline.com.br\/index.php\/wp-json\/wp\/v2\/posts\/5856\/revisions"}],"predecessor-version":[{"id":5858,"href":"https:\/\/cidadebaixaonline.com.br\/index.php\/wp-json\/wp\/v2\/posts\/5856\/revisions\/5858"}],"wp:featuredmedia":[{"embeddable":true,"href":"https:\/\/cidadebaixaonline.com.br\/index.php\/wp-json\/wp\/v2\/media\/5857"}],"wp:attachment":[{"href":"https:\/\/cidadebaixaonline.com.br\/index.php\/wp-json\/wp\/v2\/media?parent=5856"}],"wp:term":[{"taxonomy":"category","embeddable":true,"href":"https:\/\/cidadebaixaonline.com.br\/index.php\/wp-json\/wp\/v2\/categories?post=5856"},{"taxonomy":"post_tag","embeddable":true,"href":"https:\/\/cidadebaixaonline.com.br\/index.php\/wp-json\/wp\/v2\/tags?post=5856"}],"curies":[{"name":"wp","href":"https:\/\/api.w.org\/{rel}","templated":true}]}}