{"id":5853,"date":"2023-11-14T10:23:10","date_gmt":"2023-11-14T13:23:10","guid":{"rendered":"https:\/\/cidadebaixaonline.com.br\/?p=5853"},"modified":"2023-11-14T10:23:11","modified_gmt":"2023-11-14T13:23:11","slug":"otto-alencar-se-manifesta-apos-ataque-de-filho-contra-lidice-da-mata","status":"publish","type":"post","link":"https:\/\/cidadebaixaonline.com.br\/index.php\/2023\/11\/14\/otto-alencar-se-manifesta-apos-ataque-de-filho-contra-lidice-da-mata\/","title":{"rendered":"Otto Alencar se manifesta ap\u00f3s ataque de filho contra L\u00eddice da Mata"},"content":{"rendered":"\n<p>O senador Otto Alencar (PSD) foi questionado ontem sobre a pol\u00eamica envolvendo Otto Filho, e a deputada L\u00eddice da Mata (PSB). A parlamentar criticou o filho do pessedista ap\u00f3s o voto dele contra os incentivos fiscais a empresas como a BYD, quando o projeto ainda estava na C\u00e2mara Federal. O senador defendeu o voto do filho. \u201cCada um vota com a sua consci\u00eancia. N\u00e3o \u00e9 porque ele \u00e9 meu filho que vou alien\u00e1-lo. Na cabe\u00e7a dele ele acha o que \u00e9 certo e o que \u00e9 errado\u201d, disse, em uma coletiva de imprensa ontem.<\/p>\n\n\n\n<p>\u201cA\u00ed houve um mal-entendido, uma informa\u00e7\u00e3o errada, j\u00e1 pedi desculpas a L\u00eddice, ele tamb\u00e9m. \u00c0s vezes acontece esse mal-entendido na pol\u00edtica, n\u00e3o houve a inten\u00e7\u00e3o de fazer uma cr\u00edtica \u00e1cida \u00e0 deputada, tenho uma admira\u00e7\u00e3o t\u00e3o grande. Foi a primeira prefeita de Salvador, primeira senadora, \u00e9 minha estimada amiga h\u00e1 muitos anos\u201d, acrescentou o senador sobre a pol\u00eamica envolvendo Otto Filho e a L\u00eddice.<\/p>\n\n\n\n<p>Otto tamb\u00e9m disse que n\u00e3o vai opinar no debate sobre a possibilidade de reelei\u00e7\u00e3o na Assembleia Legislativa da Bahia (ALBA). \u201cFui presidente da Assembleia por dois anos. Quando fui presidente, 59 deputados fizeram um abaixo-assinado para eu continuar, e eu optei por n\u00e3o continuar. Marcelo [Nilo] ficou cinco vezes, fiquei duas e nem por isso deixei de andar. [\u2026] Sem ambi\u00e7\u00e3o. Na pol\u00edtica, sem aquele conto de que voc\u00ea vai chegar por obsess\u00e3o e ambi\u00e7\u00e3o\u201d, disse.<\/p>\n\n\n\n<p>Otto falou ainda sobre a possibilidade do deputado federal Antonio Brito concorrer a prefeito de Salvador. \u201cRe\u00fane todas as condi\u00e7\u00f5es de ser um bom candidato e, se eleito, ser\u00e1 um grande prefeito de Salvador. Ele tem conhecimento pol\u00edtico, administrativo e capacidade de trabalho, al\u00e9m de conhecer tudo em Salvador. Ele traz um projeto alternativo ao atual projeto, portanto n\u00f3s vamos levar a candidatura ao conselho pol\u00edtico\u201d, pontuou.\u00a0<\/p>\n\n\n\n<p>Fonte: TRBN <\/p>\n","protected":false},"excerpt":{"rendered":"<p>O senador Otto Alencar (PSD) foi questionado ontem sobre a pol\u00eamica envolvendo Otto Filho, e a deputada L\u00eddice da Mata (PSB). A parlamentar criticou o filho do pessedista ap\u00f3s o voto dele contra os incentivos fiscais a empresas como a BYD, quando o projeto ainda estava na C\u00e2mara Federal. O senador defendeu o voto do [&hellip;]<\/p>\n","protected":false},"author":2,"featured_media":5854,"comment_status":"open","ping_status":"open","sticky":false,"template":"","format":"standard","meta":{"jnews-multi-image_gallery":[],"jnews_single_post":{"subtitle":"","format":"standard","video":"","gallery":"","source_name":"","source_url":"","via_name":"","via_url":"","override_template":"0","override":[{"template":"1","single_blog_custom":"","parallax":"1","fullscreen":"1","layout":"right-sidebar","sidebar":"default-sidebar","second_sidebar":"default-sidebar","sticky_sidebar":"1","share_position":"top","share_float_style":"share-monocrhome","show_share_counter":"0","show_view_counter":"0","show_featured":"1","show_post_meta":"1","show_post_author":"0","show_post_author_image":"1","show_post_date":"1","post_date_format":"default","post_date_format_custom":"Y\/m\/d","show_post_category":"1","show_post_reading_time":"0","post_reading_time_wpm":"300","show_zoom_button":"0","zoom_button_out_step":"2","zoom_button_in_step":"3","show_post_tag":"1","show_prev_next_post":"1","show_popup_post":"1","number_popup_post":"1","show_author_box":"0","show_post_related":"0","show_inline_post_related":"0"}],"override_image_size":"0","image_override":[{"single_post_thumbnail_size":"no-crop","single_post_gallery_size":"crop-715"}],"trending_post":"0","trending_post_position":"meta","trending_post_label":"Trending","sponsored_post":"0","sponsored_post_label":"Sponsored by","sponsored_post_name":"","sponsored_post_url":"","sponsored_post_logo_enable":"0","sponsored_post_logo":"","sponsored_post_desc":"","disable_ad":"0"},"jnews_primary_category":{"id":"","hide":""},"footnotes":""},"categories":[91],"tags":[],"class_list":["post-5853","post","type-post","status-publish","format-standard","has-post-thumbnail","hentry","category-politica"],"_links":{"self":[{"href":"https:\/\/cidadebaixaonline.com.br\/index.php\/wp-json\/wp\/v2\/posts\/5853","targetHints":{"allow":["GET"]}}],"collection":[{"href":"https:\/\/cidadebaixaonline.com.br\/index.php\/wp-json\/wp\/v2\/posts"}],"about":[{"href":"https:\/\/cidadebaixaonline.com.br\/index.php\/wp-json\/wp\/v2\/types\/post"}],"author":[{"embeddable":true,"href":"https:\/\/cidadebaixaonline.com.br\/index.php\/wp-json\/wp\/v2\/users\/2"}],"replies":[{"embeddable":true,"href":"https:\/\/cidadebaixaonline.com.br\/index.php\/wp-json\/wp\/v2\/comments?post=5853"}],"version-history":[{"count":1,"href":"https:\/\/cidadebaixaonline.com.br\/index.php\/wp-json\/wp\/v2\/posts\/5853\/revisions"}],"predecessor-version":[{"id":5855,"href":"https:\/\/cidadebaixaonline.com.br\/index.php\/wp-json\/wp\/v2\/posts\/5853\/revisions\/5855"}],"wp:featuredmedia":[{"embeddable":true,"href":"https:\/\/cidadebaixaonline.com.br\/index.php\/wp-json\/wp\/v2\/media\/5854"}],"wp:attachment":[{"href":"https:\/\/cidadebaixaonline.com.br\/index.php\/wp-json\/wp\/v2\/media?parent=5853"}],"wp:term":[{"taxonomy":"category","embeddable":true,"href":"https:\/\/cidadebaixaonline.com.br\/index.php\/wp-json\/wp\/v2\/categories?post=5853"},{"taxonomy":"post_tag","embeddable":true,"href":"https:\/\/cidadebaixaonline.com.br\/index.php\/wp-json\/wp\/v2\/tags?post=5853"}],"curies":[{"name":"wp","href":"https:\/\/api.w.org\/{rel}","templated":true}]}}