{"id":5844,"date":"2023-11-14T09:46:39","date_gmt":"2023-11-14T12:46:39","guid":{"rendered":"https:\/\/cidadebaixaonline.com.br\/?p=5844"},"modified":"2023-11-14T09:46:40","modified_gmt":"2023-11-14T12:46:40","slug":"eliminatorias-goleiro-ederson-e-cortado-e-diniz-convoca-bento","status":"publish","type":"post","link":"https:\/\/cidadebaixaonline.com.br\/index.php\/2023\/11\/14\/eliminatorias-goleiro-ederson-e-cortado-e-diniz-convoca-bento\/","title":{"rendered":"Eliminat\u00f3rias: goleiro Ederson \u00e9 cortado e Diniz convoca Bento"},"content":{"rendered":"\n<p>A sele\u00e7\u00e3o brasileira convocada para os dois \u00faltimos jogos do ano pelas Eliminat\u00f3rias da Copa do Mundo teve nesta segunda-feira a primeira baixa na lista de 24 convocados. O goleiro Ederson (Manchester City) foi cortado nesta segunda-feira pelo t\u00e9cnico Fernando Diniz. O arqueiro sofreu um trauma no p\u00e9 esquerdo durante jogo do City no domingo (12). Diniz convocou Bento (Athletico Paranaense) para substituir Ederson no gol.<\/p>\n\n\n\n<p>Nesta manh\u00e3, o treinador e alguns dos convocados chegaram \u00e0 Granja Comary, em Teres\u00f3polis (RJ), onde ocorrer\u00e1 a prepara\u00e7\u00e3o f\u00edsica e treinos para os confrontos das Eliminat\u00f3rias. O primeiro deles ser\u00e1 contra a Col\u00f4mbia na pr\u00f3xima quinta (16), \u00e0s 21h (hor\u00e1rio de Bras\u00edlia), na cidade de Barrinquilla. Cinco dias depois, o Brasil encara a Argentina, campe\u00e3 do mundo e primeira colocada na tabela, \u00e0s 21h30, no Maracan\u00e3. &nbsp;Os jogos s\u00e3o v\u00e1lidos pelas quinta e sexta rodadas da Eliminat\u00f3rias, respectivamente.<\/p>\n\n\n\n<p>Os primeiros a se apresentar na concentra\u00e7\u00e3o foram &nbsp;soram atacante Vinicius J\u00fanior e Rodrygo (ambos do Real Madrid); &nbsp;Bruno Guimar\u00e3es (Newcastle); &nbsp;Pep\u00ea (Porto); &nbsp;Endrick e Raphael Veiga (Palmeiras); Nino e Andr\u00e9 (Fluminense); e Lucas Perri (Botafogo).<\/p>\n\n\n\n<p>O Brasil (sete \u00a0pontos) est\u00e1 em terceiro lugar entre as 10 sele\u00e7\u00f5es que competem por seis vagas \u2013 e uma s\u00e9tima vaga na repescagem &#8211; para o Mundial de 2026, com sede conjunta nos Estados Unidos, Canad\u00e1 e M\u00e9xico. A Argentina (12 pontos) lidera a classifica\u00e7\u00e3o, seguida pelo Uruguai (sete).<\/p>\n\n\n\n<p>Fonte: Varela Net <\/p>\n","protected":false},"excerpt":{"rendered":"<p>A sele\u00e7\u00e3o brasileira convocada para os dois \u00faltimos jogos do ano pelas Eliminat\u00f3rias da Copa do Mundo teve nesta segunda-feira a primeira baixa na lista de 24 convocados. O goleiro Ederson (Manchester City) foi cortado nesta segunda-feira pelo t\u00e9cnico Fernando Diniz. O arqueiro sofreu um trauma no p\u00e9 esquerdo durante jogo do City no domingo [&hellip;]<\/p>\n","protected":false},"author":2,"featured_media":5845,"comment_status":"open","ping_status":"open","sticky":false,"template":"","format":"standard","meta":{"jnews-multi-image_gallery":[],"jnews_single_post":{"subtitle":"","format":"standard","video":"","gallery":"","source_name":"","source_url":"","via_name":"","via_url":"","override_template":"0","override":[{"template":"1","single_blog_custom":"","parallax":"1","fullscreen":"1","layout":"right-sidebar","sidebar":"default-sidebar","second_sidebar":"default-sidebar","sticky_sidebar":"1","share_position":"top","share_float_style":"share-monocrhome","show_share_counter":"0","show_view_counter":"0","show_featured":"1","show_post_meta":"1","show_post_author":"0","show_post_author_image":"1","show_post_date":"1","post_date_format":"default","post_date_format_custom":"Y\/m\/d","show_post_category":"1","show_post_reading_time":"0","post_reading_time_wpm":"300","show_zoom_button":"0","zoom_button_out_step":"2","zoom_button_in_step":"3","show_post_tag":"1","show_prev_next_post":"1","show_popup_post":"1","number_popup_post":"1","show_author_box":"0","show_post_related":"0","show_inline_post_related":"0"}],"override_image_size":"0","image_override":[{"single_post_thumbnail_size":"no-crop","single_post_gallery_size":"crop-715"}],"trending_post":"0","trending_post_position":"meta","trending_post_label":"Trending","sponsored_post":"0","sponsored_post_label":"Sponsored by","sponsored_post_name":"","sponsored_post_url":"","sponsored_post_logo_enable":"0","sponsored_post_logo":"","sponsored_post_desc":"","disable_ad":"0"},"jnews_primary_category":{"id":"","hide":""},"footnotes":""},"categories":[89],"tags":[],"class_list":["post-5844","post","type-post","status-publish","format-standard","has-post-thumbnail","hentry","category-esportes"],"_links":{"self":[{"href":"https:\/\/cidadebaixaonline.com.br\/index.php\/wp-json\/wp\/v2\/posts\/5844","targetHints":{"allow":["GET"]}}],"collection":[{"href":"https:\/\/cidadebaixaonline.com.br\/index.php\/wp-json\/wp\/v2\/posts"}],"about":[{"href":"https:\/\/cidadebaixaonline.com.br\/index.php\/wp-json\/wp\/v2\/types\/post"}],"author":[{"embeddable":true,"href":"https:\/\/cidadebaixaonline.com.br\/index.php\/wp-json\/wp\/v2\/users\/2"}],"replies":[{"embeddable":true,"href":"https:\/\/cidadebaixaonline.com.br\/index.php\/wp-json\/wp\/v2\/comments?post=5844"}],"version-history":[{"count":1,"href":"https:\/\/cidadebaixaonline.com.br\/index.php\/wp-json\/wp\/v2\/posts\/5844\/revisions"}],"predecessor-version":[{"id":5846,"href":"https:\/\/cidadebaixaonline.com.br\/index.php\/wp-json\/wp\/v2\/posts\/5844\/revisions\/5846"}],"wp:featuredmedia":[{"embeddable":true,"href":"https:\/\/cidadebaixaonline.com.br\/index.php\/wp-json\/wp\/v2\/media\/5845"}],"wp:attachment":[{"href":"https:\/\/cidadebaixaonline.com.br\/index.php\/wp-json\/wp\/v2\/media?parent=5844"}],"wp:term":[{"taxonomy":"category","embeddable":true,"href":"https:\/\/cidadebaixaonline.com.br\/index.php\/wp-json\/wp\/v2\/categories?post=5844"},{"taxonomy":"post_tag","embeddable":true,"href":"https:\/\/cidadebaixaonline.com.br\/index.php\/wp-json\/wp\/v2\/tags?post=5844"}],"curies":[{"name":"wp","href":"https:\/\/api.w.org\/{rel}","templated":true}]}}