{"id":5676,"date":"2023-11-08T15:29:49","date_gmt":"2023-11-08T18:29:49","guid":{"rendered":"https:\/\/cidadebaixaonline.com.br\/?p=5676"},"modified":"2023-11-08T15:29:51","modified_gmt":"2023-11-08T18:29:51","slug":"em-setembro-turistas-internacionais-injetam-r-23-bilhoes-na-economia-nacional","status":"publish","type":"post","link":"https:\/\/cidadebaixaonline.com.br\/index.php\/2023\/11\/08\/em-setembro-turistas-internacionais-injetam-r-23-bilhoes-na-economia-nacional\/","title":{"rendered":"Em setembro, turistas internacionais injetam R$ 2,3 bilh\u00f5es na economia nacional"},"content":{"rendered":"\n<p>Apenas em setembro, os estrangeiros que escolheram o Brasil como destino deixaram no pa\u00eds US$ 566 milh\u00f5es, aproximadamente cerca de R$ 2,3 bilh\u00f5es. \u00c9 o que mostra o \u00faltimo levantamento do Banco Central (Bacen), divulgado nesta segunda-feira (06.11). \u00c9 o maior valor registrado para este m\u00eas desde 1995, quando o Banco Central come\u00e7ou a contabilizar esses dados. No acumulado do ano, os visitantes estrangeiros contribu\u00edram com R$ 24,6 bilh\u00f5es na economia brasileira.<\/p>\n\n\n\n<p><strong>\u201cO Brasil est\u00e1 de volta ao cen\u00e1rio internacional de turismo! Esse resultado \u00e9 gra\u00e7as ao trabalho do Governo Federal em reconstruir a imagem do pa\u00eds l\u00e1 fora, com acordos claros em prol da sustentabilidade e ao desenvolvimento econ\u00f4mico aliado ao social. Tenho certeza de que iremos estar no top 10 destinos do mundo quando se tratar de turismo&#8221;, comemorou o ministro do Turismo, Celso Sabino.<\/strong><\/p>\n\n\n\n<p>Em 2023, at\u00e9 o momento, mais de 4,4 milh\u00f5es de turista estrangeiros desembarcaram em solo brasileiro, de acordo com levantamento realizado em parceria com o Minist\u00e9rio do Turismo, Embratur e Pol\u00edcia Federal. Os n\u00fameros apresentam uma alta de 79% em rela\u00e7\u00e3o a todo o ano de 2022.<\/p>\n\n\n\n<p><strong>\u201cOs dados da FowardKeys, banco de dados de voos internacionais que \u00e9 parceiro nosso da Embratur, demonstram que j\u00e1 temos 40% mais de passagens a\u00e9reas vendidas para o m\u00eas de dezembro deste ano do que no ano de 2019, \u00faltimo pr\u00e9-pandemia. Isso \u00e9 resultado da reconstru\u00e7\u00e3o da imagem do Brasil no exterior e de nossas a\u00e7\u00f5es de promo\u00e7\u00e3o internacional de tudo que h\u00e1 de melhor em nosso pa\u00eds. A previs\u00e3o \u00e9 de termos um ver\u00e3o muito bom para o turismo brasileiro, o que vai refletir na entrada de divisas cada vez maior, na gera\u00e7\u00e3o de empregos e novos neg\u00f3cios em todo o pa\u00eds\u201d, destaca Marcelo Freixo, presidente da Embratur.<\/strong><\/p>\n\n\n\n<p>A cidade de S\u00e3o Paulo (SP) concentra o principal destino de chegada para esses turistas, seguido do Rio de Janeiro (RJ) e do Rio Grande do Sul (RS). Boa parte dos visitantes v\u00eam da Argentina (1.3 milh\u00f5es), Estados Unidos (411 mil) e Chile (267 mil).<\/p>\n\n\n\n<p><strong>CONHE\u00c7A O BRASIL:<\/strong>&nbsp;O Minist\u00e9rio do Turismo e o Minist\u00e9rio de Portos e Aeroportos, em parceria com a ABEAR e empresas a\u00e9reas lan\u00e7aram o \u201cConhe\u00e7a o Brasil: Voando\u201d, com o objetivo de desenvolver a\u00e7\u00f5es voltadas ao est\u00edmulo de viagens no Brasil, \u00e0 democratiza\u00e7\u00e3o do acesso, \u00e0 avia\u00e7\u00e3o civil e \u00e0 redu\u00e7\u00e3o do custo operacional das empresas a\u00e9reas.<\/p>\n\n\n\n<p>Como eixo dessa estrat\u00e9gia, novos voos foram criados para ligar ainda mais o Brasil. S\u00e3o ao todo 94 novas rotas &#8211; sendo 81 nacionais e 13 ligando destinos internacionais ao Brasil. Os voos chegar\u00e3o a 43 destinos de 17 Unidades da Federa\u00e7\u00e3o, com destaque para os estados da Bahia, de S\u00e3o Paulo, de Alagoas, do Rio Grande do Norte, do Amazonas, da Para\u00edba e de Pernambuco, entre outros.<\/p>\n\n\n\n<p>Fonte: Agencia Brasil<\/p>\n","protected":false},"excerpt":{"rendered":"<p>Apenas em setembro, os estrangeiros que escolheram o Brasil como destino deixaram no pa\u00eds US$ 566 milh\u00f5es, aproximadamente cerca de R$ 2,3 bilh\u00f5es. \u00c9 o que mostra o \u00faltimo levantamento do Banco Central (Bacen), divulgado nesta segunda-feira (06.11). \u00c9 o maior valor registrado para este m\u00eas desde 1995, quando o Banco Central come\u00e7ou a contabilizar [&hellip;]<\/p>\n","protected":false},"author":2,"featured_media":5677,"comment_status":"open","ping_status":"open","sticky":false,"template":"","format":"standard","meta":{"jnews-multi-image_gallery":[],"jnews_single_post":{"subtitle":"","format":"standard","video":"","gallery":"","source_name":"","source_url":"","via_name":"","via_url":"","override_template":"0","override":[{"template":"1","single_blog_custom":"","parallax":"1","fullscreen":"1","layout":"right-sidebar","sidebar":"default-sidebar","second_sidebar":"default-sidebar","sticky_sidebar":"1","share_position":"top","share_float_style":"share-monocrhome","show_share_counter":"0","show_view_counter":"0","show_featured":"1","show_post_meta":"1","show_post_author":"0","show_post_author_image":"1","show_post_date":"1","post_date_format":"default","post_date_format_custom":"Y\/m\/d","show_post_category":"1","show_post_reading_time":"0","post_reading_time_wpm":"300","show_zoom_button":"0","zoom_button_out_step":"2","zoom_button_in_step":"3","show_post_tag":"1","show_prev_next_post":"1","show_popup_post":"1","number_popup_post":"1","show_author_box":"0","show_post_related":"0","show_inline_post_related":"0"}],"override_image_size":"0","image_override":[{"single_post_thumbnail_size":"no-crop","single_post_gallery_size":"crop-715"}],"trending_post":"0","trending_post_position":"meta","trending_post_label":"Trending","sponsored_post":"0","sponsored_post_label":"Sponsored by","sponsored_post_name":"","sponsored_post_url":"","sponsored_post_logo_enable":"0","sponsored_post_logo":"","sponsored_post_desc":"","disable_ad":"0"},"jnews_primary_category":{"id":"","hide":""},"footnotes":""},"categories":[108],"tags":[],"class_list":["post-5676","post","type-post","status-publish","format-standard","has-post-thumbnail","hentry","category-turismo"],"_links":{"self":[{"href":"https:\/\/cidadebaixaonline.com.br\/index.php\/wp-json\/wp\/v2\/posts\/5676","targetHints":{"allow":["GET"]}}],"collection":[{"href":"https:\/\/cidadebaixaonline.com.br\/index.php\/wp-json\/wp\/v2\/posts"}],"about":[{"href":"https:\/\/cidadebaixaonline.com.br\/index.php\/wp-json\/wp\/v2\/types\/post"}],"author":[{"embeddable":true,"href":"https:\/\/cidadebaixaonline.com.br\/index.php\/wp-json\/wp\/v2\/users\/2"}],"replies":[{"embeddable":true,"href":"https:\/\/cidadebaixaonline.com.br\/index.php\/wp-json\/wp\/v2\/comments?post=5676"}],"version-history":[{"count":1,"href":"https:\/\/cidadebaixaonline.com.br\/index.php\/wp-json\/wp\/v2\/posts\/5676\/revisions"}],"predecessor-version":[{"id":5678,"href":"https:\/\/cidadebaixaonline.com.br\/index.php\/wp-json\/wp\/v2\/posts\/5676\/revisions\/5678"}],"wp:featuredmedia":[{"embeddable":true,"href":"https:\/\/cidadebaixaonline.com.br\/index.php\/wp-json\/wp\/v2\/media\/5677"}],"wp:attachment":[{"href":"https:\/\/cidadebaixaonline.com.br\/index.php\/wp-json\/wp\/v2\/media?parent=5676"}],"wp:term":[{"taxonomy":"category","embeddable":true,"href":"https:\/\/cidadebaixaonline.com.br\/index.php\/wp-json\/wp\/v2\/categories?post=5676"},{"taxonomy":"post_tag","embeddable":true,"href":"https:\/\/cidadebaixaonline.com.br\/index.php\/wp-json\/wp\/v2\/tags?post=5676"}],"curies":[{"name":"wp","href":"https:\/\/api.w.org\/{rel}","templated":true}]}}