{"id":5673,"date":"2023-11-08T15:24:52","date_gmt":"2023-11-08T18:24:52","guid":{"rendered":"https:\/\/cidadebaixaonline.com.br\/?p=5673"},"modified":"2023-11-08T15:24:53","modified_gmt":"2023-11-08T18:24:53","slug":"primeira-edicao-do-flipasse-transforma-sao-sebastiao-em-uma-cidade-leitora","status":"publish","type":"post","link":"https:\/\/cidadebaixaonline.com.br\/index.php\/2023\/11\/08\/primeira-edicao-do-flipasse-transforma-sao-sebastiao-em-uma-cidade-leitora\/","title":{"rendered":"Primeira edi\u00e7\u00e3o do Flipass\u00e9 transforma S\u00e3o Sebasti\u00e3o em uma cidade leitora"},"content":{"rendered":"\n<p>A cidade de S\u00e3o Sebasti\u00e3o do Pass\u00e9 est\u00e1 prestes a receber a primeira edi\u00e7\u00e3o do evento liter\u00e1rio &#8220;Flipass\u00e9 &#8211; Narrativas que inspiram hist\u00f3rias contadas e n\u00e3o contadas&#8221;. Com um foco especial na educa\u00e7\u00e3o e na participa\u00e7\u00e3o ativa da comunidade escolar, o Flipass\u00e9 2023 j\u00e1 est\u00e1 em andamento, tendo suas ra\u00edzes plantadas nas escolas desde mar\u00e7o deste ano.<\/p>\n\n\n\n<p>O Flipass\u00e9 tem se destacado com uma abordagem inovadora, n\u00e3o apenas convidando, mas fazendo dos alunos, professores, coordenadores e a comunidade local verdadeiros protagonistas da hist\u00f3ria liter\u00e1ria. A proposta \u00e9 transformar S\u00e3o Sebasti\u00e3o do Pass\u00e9 em uma cidade leitora, destacando o valor da leitura al\u00e9m dos muros escolares. O evento est\u00e1 previsto para acontecer nos dias 09, 10 e 11 de novembro, reunindo pelo menos&nbsp; 33 escolas municipais e estaduais, bem como a presen\u00e7a de escolas privadas da cidade e dos distritos vizinhos.<\/p>\n\n\n\n<p>\u201cEstamos imensamente felizes com esse processo de constru\u00e7\u00e3o, porque o evento \u00e9 um evento que a gente vai conseguir visualizar o olhar, o desejo, o anseio, a interpreta\u00e7\u00e3o, a compreens\u00e3o de cada um dos nossos alunos, de todos os nossos segmentos e modalidades dentro de cada esta\u00e7\u00e3o. Ent\u00e3o isso provoca na gente uma sensa\u00e7\u00e3o de comprometimento e de responsabilidade de toda a equipe da educa\u00e7\u00e3o de S\u00e3o Sebasti\u00e3o do Pass\u00e9, porque todos est\u00e3o envolvidos. Inclusive, quando eu falo todos, \u00e9 a comunidade escolar, s\u00e3o as fam\u00edlias, porque esse processo de constru\u00e7\u00e3o, de ir, de vir, de voltar, de contar a hist\u00f3ria dentro da escola, fora da escola, de produzir e de culminar at\u00e9 o dia 9, foi com a participa\u00e7\u00e3o de todos\u201d, destacou a secret\u00e1ria de educa\u00e7\u00e3o, Heide Andrade.&nbsp;<\/p>\n\n\n\n<p>Nas v\u00e1rias esta\u00e7\u00f5es do evento, divididas por per\u00edodos escolares e segmentos que discorreram entre sa\u00fade, agricultura e meio ambiente, artesanato e culin\u00e1ria, assist\u00eancia social, e outros, est\u00e3o previstas oficinas ministradas por alunos, professores e coordenadores. Al\u00e9m disso, o evento presta homenagem \u00e0 renomada escritora local Jardilina de Oliveira, cuja fam\u00edlia participou de uma roda de conversa emocionante. O p\u00fablico tamb\u00e9m poder\u00e1 desfrutar de apresenta\u00e7\u00f5es de diversas turmas.<\/p>\n\n\n\n<p>Ambas as esta\u00e7\u00f5es oferecer\u00e3o materiais produzidos pelos alunos, como maquetes, textos, poemas, entre outros. A iniciativa visa mostrar que a literatura e a leitura t\u00eam um papel vital dentro e fora da escola, contribuindo para o desenvolvimento da comunidade. A curadora e escritora sebastianense, M\u00e1rcia Mendes participou de todo o processo de constru\u00e7\u00e3o do evento, sua proximidade com os alunos auxiliou no entrosamento dos mesmos com o universo liter\u00e1rio.&nbsp;<\/p>\n\n\n\n<p>\u201cO Flipass\u00e9 emerge desse desejo de muita gente que sonhou e ajudou para que esse sonho fosse poss\u00edvel, e eu estou entre essas pessoas. Ent\u00e3o assim, \u00e9 uma sementinha pequena que est\u00e1 sendo jogada nesse terreno, nessa terra f\u00e9rtil que \u00e9 S\u00e3o Sebasti\u00e3o do Pass\u00e9, uma terra descendente de fortes e bravos, sim, que sabem, souberam e sabem viver e lutar, e lutar pelo direito de ler, porque toda crian\u00e7a, todo jovem, todo adulto, todo idoso tem esse direito de ler. E \u00e9 nesse contexto mesmo que essa sementinha \u00e9 jogada, a terra est\u00e1 sendo bem arada, e sabemos que ir\u00e1 florescer\u201d, disse M\u00e1rcia.&nbsp;<\/p>\n\n\n\n<p>O evento tamb\u00e9m reserva uma esta\u00e7\u00e3o espec\u00edfica para a Associa\u00e7\u00e3o Pestalozzi, que apresentar\u00e1 performances inclusivas com os alunos, incluindo capoeira. Escritoras que se dedicam a criar livros para pessoas com defici\u00eancia tamb\u00e9m estar\u00e3o presentes. Al\u00e9m disso, para fomentar o senso de pertencimento, pelo menos 33 alunos dos anos finais estar\u00e3o atuando como monitores nas feiras.&nbsp;<\/p>\n\n\n\n<p>\u201cN\u00f3s estamos fazendo hist\u00f3ria no munic\u00edpio de S\u00e3o Sebasti\u00e3o. E trazendo essa tem\u00e1tica, com essa narrativa, que \u00e9 justamente para trazer a nossa comunidade as hist\u00f3rias que n\u00e3o nos foram contadas, as narrativas que nos esconderam e n\u00e3o trouxeram de fato para n\u00f3s da forma que deveria ter sido passada, ent\u00e3o isso \u00e9 algo de muito orgulho e de muita felicidade\u201d, salientou o professor e coordenador de projetos do Flipass\u00e9, Leonildo Gon\u00e7alves.&nbsp;<\/p>\n\n\n\n<p>A programa\u00e7\u00e3o inicia \u00e0s 18h30 da quinta-feira (09), j\u00e1 na sexta-feira (10) come\u00e7a pontualmente \u00e0s 8h com a \u00faltima apresenta\u00e7\u00e3o prevista para iniciar \u00e0s 18h.\u00a0 No s\u00e1bado (11), \u00faltimo dia do Flipass\u00e9, o evento inicia \u00e0s 9h30. Os detalhes da programa\u00e7\u00e3o ser\u00e3o divulgados no Instagram oficial da prefeitura (@prefsaosebastiaodopasse).<\/p>\n\n\n\n<p>Fonte: TRBN<\/p>\n","protected":false},"excerpt":{"rendered":"<p>A cidade de S\u00e3o Sebasti\u00e3o do Pass\u00e9 est\u00e1 prestes a receber a primeira edi\u00e7\u00e3o do evento liter\u00e1rio &#8220;Flipass\u00e9 &#8211; Narrativas que inspiram hist\u00f3rias contadas e n\u00e3o contadas&#8221;. Com um foco especial na educa\u00e7\u00e3o e na participa\u00e7\u00e3o ativa da comunidade escolar, o Flipass\u00e9 2023 j\u00e1 est\u00e1 em andamento, tendo suas ra\u00edzes plantadas nas escolas desde mar\u00e7o [&hellip;]<\/p>\n","protected":false},"author":2,"featured_media":5674,"comment_status":"open","ping_status":"open","sticky":false,"template":"","format":"standard","meta":{"jnews-multi-image_gallery":[],"jnews_single_post":{"subtitle":"","format":"standard","video":"","gallery":"","source_name":"","source_url":"","via_name":"","via_url":"","override_template":"0","override":[{"template":"1","single_blog_custom":"","parallax":"1","fullscreen":"1","layout":"right-sidebar","sidebar":"default-sidebar","second_sidebar":"default-sidebar","sticky_sidebar":"1","share_position":"top","share_float_style":"share-monocrhome","show_share_counter":"0","show_view_counter":"0","show_featured":"1","show_post_meta":"1","show_post_author":"0","show_post_author_image":"1","show_post_date":"1","post_date_format":"default","post_date_format_custom":"Y\/m\/d","show_post_category":"1","show_post_reading_time":"0","post_reading_time_wpm":"300","show_zoom_button":"0","zoom_button_out_step":"2","zoom_button_in_step":"3","show_post_tag":"1","show_prev_next_post":"1","show_popup_post":"1","number_popup_post":"1","show_author_box":"0","show_post_related":"0","show_inline_post_related":"0"}],"override_image_size":"0","image_override":[{"single_post_thumbnail_size":"no-crop","single_post_gallery_size":"crop-715"}],"trending_post":"0","trending_post_position":"meta","trending_post_label":"Trending","sponsored_post":"0","sponsored_post_label":"Sponsored by","sponsored_post_name":"","sponsored_post_url":"","sponsored_post_logo_enable":"0","sponsored_post_logo":"","sponsored_post_desc":"","disable_ad":"0"},"jnews_primary_category":{"id":"","hide":""},"footnotes":""},"categories":[85],"tags":[],"class_list":["post-5673","post","type-post","status-publish","format-standard","has-post-thumbnail","hentry","category-noticias"],"_links":{"self":[{"href":"https:\/\/cidadebaixaonline.com.br\/index.php\/wp-json\/wp\/v2\/posts\/5673","targetHints":{"allow":["GET"]}}],"collection":[{"href":"https:\/\/cidadebaixaonline.com.br\/index.php\/wp-json\/wp\/v2\/posts"}],"about":[{"href":"https:\/\/cidadebaixaonline.com.br\/index.php\/wp-json\/wp\/v2\/types\/post"}],"author":[{"embeddable":true,"href":"https:\/\/cidadebaixaonline.com.br\/index.php\/wp-json\/wp\/v2\/users\/2"}],"replies":[{"embeddable":true,"href":"https:\/\/cidadebaixaonline.com.br\/index.php\/wp-json\/wp\/v2\/comments?post=5673"}],"version-history":[{"count":1,"href":"https:\/\/cidadebaixaonline.com.br\/index.php\/wp-json\/wp\/v2\/posts\/5673\/revisions"}],"predecessor-version":[{"id":5675,"href":"https:\/\/cidadebaixaonline.com.br\/index.php\/wp-json\/wp\/v2\/posts\/5673\/revisions\/5675"}],"wp:featuredmedia":[{"embeddable":true,"href":"https:\/\/cidadebaixaonline.com.br\/index.php\/wp-json\/wp\/v2\/media\/5674"}],"wp:attachment":[{"href":"https:\/\/cidadebaixaonline.com.br\/index.php\/wp-json\/wp\/v2\/media?parent=5673"}],"wp:term":[{"taxonomy":"category","embeddable":true,"href":"https:\/\/cidadebaixaonline.com.br\/index.php\/wp-json\/wp\/v2\/categories?post=5673"},{"taxonomy":"post_tag","embeddable":true,"href":"https:\/\/cidadebaixaonline.com.br\/index.php\/wp-json\/wp\/v2\/tags?post=5673"}],"curies":[{"name":"wp","href":"https:\/\/api.w.org\/{rel}","templated":true}]}}