{"id":5670,"date":"2023-11-08T15:15:38","date_gmt":"2023-11-08T18:15:38","guid":{"rendered":"https:\/\/cidadebaixaonline.com.br\/?p=5670"},"modified":"2023-11-08T15:15:40","modified_gmt":"2023-11-08T18:15:40","slug":"prefeitura-de-salvador-reconstroi-escola-em-periperi-e-dobra-oferta-de-vagas","status":"publish","type":"post","link":"https:\/\/cidadebaixaonline.com.br\/index.php\/2023\/11\/08\/prefeitura-de-salvador-reconstroi-escola-em-periperi-e-dobra-oferta-de-vagas\/","title":{"rendered":"Prefeitura de Salvador reconstr\u00f3i escola em Periperi e dobra oferta de vagas"},"content":{"rendered":"\n<p>A regi\u00e3o do Sub\u00farbio Ferrovi\u00e1rio de Salvador ganhou mais uma unidade de ensino, que foi totalmente reconstru\u00edda pela Prefeitura para atender a 720 alunos entre o 1\u00ba e 5\u00ba ano do Ensino Fundamental. O prefeito Bruno Reis e o secret\u00e1rio municipal de Educa\u00e7\u00e3o (Smed), Thiago Dantas, inauguraram nesta ter\u00e7a-feira (7) a nova Escola Municipal Anfil\u00f3fio de Carvalho, localizada em Periperi, cuja estrutura agora conta com salas de aula climatizadas, acessibilidade e padr\u00e3o sustent\u00e1vel. O investimento foi de R$ 8,9 milh\u00f5es.<\/p>\n\n\n\n<p>A escola mais do que dobrou a capacidade de vagas ofertadas ap\u00f3s a obra, uma vez que as instala\u00e7\u00f5es anteriores abrigavam 294 alunos matriculados do 1\u00ba ao 5\u00ba ano do Ensino Fundamental I. A nova estrutura tem 2,3 mil m\u00b2 de \u00e1rea constru\u00edda com 12 salas de aula climatizadas, sala multiuso, audit\u00f3rio, sala de leitura, sala para Atendimento Educacional Especializado (AEE), entre outros espa\u00e7os.<\/p>\n\n\n\n<p><strong>\u201cMais uma escola que a gente entrega em Salvador que vai atender 720 crian\u00e7as do Sub\u00farbio, daqui de Periperi. Uma escola desse porte, com salas climatizadas, com quadra poliesportiva, com toda infraestrutura, tem a capacidade de contribuir de forma decisiva para mudar o presente e o futuro dessas crian\u00e7as. Essa \u00e9 uma manh\u00e3 emocionante, porque a gente v\u00ea o quanto as crian\u00e7as est\u00e3o felizes e dizendo o quanto amam a escola. Um equipamento desse porte s\u00f3 estimula, faz com que elas tenham a felicidade de vir estudar e melhora o aprendizado\u201d, disse Bruno Reis.<\/strong><\/p>\n\n\n\n<p>A nova Anfil\u00f3fio de Carvalho traz acessibilidade completa para crian\u00e7as com necessidades especiais, tem capacidade para gerar e utilizar energia de fonte solar, al\u00e9m de fazer a reutiliza\u00e7\u00e3o de \u00e1gua pluvial e ter elevador para facilitar a locomo\u00e7\u00e3o de pessoas com baixa mobilidade. O equipamento tamb\u00e9m conta com quadra poliesportiva coberta, parque infantil, \u00e1rea de recreio, cantina e outras comodidades.<\/p>\n\n\n\n<p>Essa \u00e9 a 17\u00aa escola entregue pela atual gest\u00e3o municipal como parte da estrat\u00e9gia de refor\u00e7ar o aprendizado na rede de educa\u00e7\u00e3o da cidade. Como lembrou o prefeito Bruno Reis, ser\u00e3o 50 novas escolas em Salvador at\u00e9 o final de 2024, fora outras 200 unidades que j\u00e1 foram ou est\u00e3o sendo reformadas. S\u00e3o mais de R$ 115 milh\u00f5es investidos no setor.<\/p>\n\n\n\n<p>\u201cNo pr\u00f3ximo ano vamos fortalecer e ampliar ainda mais a quantidade de entregas da educa\u00e7\u00e3o. Al\u00e9m de melhorar a farda, vamos tamb\u00e9m refor\u00e7ar o kit escolar, com uma quantidade maior de materiais. Tamb\u00e9m vamos entregar uma mochila para cada crian\u00e7a. J\u00e1 disse aqui \u00e0s m\u00e3es e aos pais que n\u00e3o precisam comprar mochila para o ano que vem. Al\u00e9m disso, vamos dar dois pares de t\u00eanis para cada crian\u00e7a da rede municipal. Com isso, ser\u00e1 um fardamento completo: mochila, material did\u00e1tico, merenda de qualidade e escolas com toda infraestrutura\u201d, afirmou o prefeito.<\/p>\n\n\n\n<p><strong>*Avan\u00e7os*&nbsp;<\/strong>&#8211; Jeanderson Santos, de 12 anos, \u00e9 aluno do 5\u00ba ano do Ensino Fundamental e estuda na Anfil\u00f3fio de Carvalho desde os tr\u00eas anos. Ele contou que j\u00e1 gostava de frequentar a escola antes para ficar com os amigos, e agora ficar\u00e1 por mais tempo ainda na unidade. \u201cAchei tudo maravilhoso, a gente precisava mesmo desse espa\u00e7o porque a escola velha j\u00e1 estava debilitada. Ent\u00e3o \u00e9 muito bom ter uma escola nova porque tem um espa\u00e7o melhor para todo mundo. Gostei muito da quadra, gosto muito de jogar bola e \u00e0s vezes tenho mais vontade de ficar aqui com os colegas do que em casa\u201d, afirmou.<\/p>\n\n\n\n<p>A aut\u00f4noma Natalice Silva Brand\u00e3o, de 32 anos, tem o filho Aron, de 10 anos, matriculado na escola desde os cinco anos. \u201cSei nem o que dizer. A melhoria para as crian\u00e7as \u00e9 algo maravilhoso, para os professores tamb\u00e9m. As crian\u00e7as v\u00e3o gostar bastante, tem muita coisa aqui que est\u00e1 melhor do que em escola particular. N\u00e3o tenho o que falar, nem deu tempo de conhecer tudo o que fizeram. Me chamou muito a aten\u00e7\u00e3o as salas de aula, todas agora est\u00e3o com ar-condicionado, ficou uma beleza\u201d, comentou.<\/p>\n\n\n\n<p>Titular da Smed, Thiago Dantas destacou a amplia\u00e7\u00e3o de vagas em mais de 100%. \u201cNosso esfor\u00e7o de melhorar a infraestrutura da educa\u00e7\u00e3o envolve n\u00e3o apenas as condi\u00e7\u00f5es f\u00edsicas das escolas, mas tamb\u00e9m a amplia\u00e7\u00e3o da oferta de vagas. Esse equipamento de Periperi \u00e9 mais um de primeiro mundo, constru\u00eddo num padr\u00e3o alt\u00edssimo e que vai ter durabilidade de prazo bastante longo. E, em termos de oferta de vagas, saiu da possibilidade de abrigar 300 alunos para mais de 700. A Prefeitura segue ampliando a rede. Toda reforma que \u00e9 feita tem como meta tamb\u00e9m essa amplia\u00e7\u00e3o da oferta de vagas\u201d, disse.<\/p>\n\n\n\n<p>Thiago disse que a ideia do munic\u00edpio \u00e9 climatizar todas as salas de aula da rede. \u201cEsse \u00e9 um compromisso do prefeito Bruno Reis. Em breve, vamos soltar uma licita\u00e7\u00e3o grande pensando em climatizar toda a rede, algo que tem efeito imediato. Todas as escolas que passam por um processo de climatiza\u00e7\u00e3o apresentam, de maneira autom\u00e1tica, um crescimento em termos de ensino por conta do conforto t\u00e9rmico e ac\u00fastico das salas de aula. Vamos pensar medidas para acelerarmos o quanto puder esse movimento\u201d, afirmou.<\/p>\n\n\n\n<p>Fonte: TRBN <\/p>\n","protected":false},"excerpt":{"rendered":"<p>A regi\u00e3o do Sub\u00farbio Ferrovi\u00e1rio de Salvador ganhou mais uma unidade de ensino, que foi totalmente reconstru\u00edda pela Prefeitura para atender a 720 alunos entre o 1\u00ba e 5\u00ba ano do Ensino Fundamental. O prefeito Bruno Reis e o secret\u00e1rio municipal de Educa\u00e7\u00e3o (Smed), Thiago Dantas, inauguraram nesta ter\u00e7a-feira (7) a nova Escola Municipal Anfil\u00f3fio [&hellip;]<\/p>\n","protected":false},"author":2,"featured_media":5671,"comment_status":"open","ping_status":"open","sticky":false,"template":"","format":"standard","meta":{"jnews-multi-image_gallery":[],"jnews_single_post":{"subtitle":"","format":"standard","video":"","gallery":"","source_name":"","source_url":"","via_name":"","via_url":"","override_template":"0","override":[{"template":"1","single_blog_custom":"","parallax":"1","fullscreen":"1","layout":"right-sidebar","sidebar":"default-sidebar","second_sidebar":"default-sidebar","sticky_sidebar":"1","share_position":"top","share_float_style":"share-monocrhome","show_share_counter":"0","show_view_counter":"0","show_featured":"1","show_post_meta":"1","show_post_author":"0","show_post_author_image":"1","show_post_date":"1","post_date_format":"default","post_date_format_custom":"Y\/m\/d","show_post_category":"1","show_post_reading_time":"0","post_reading_time_wpm":"300","show_zoom_button":"0","zoom_button_out_step":"2","zoom_button_in_step":"3","show_post_tag":"1","show_prev_next_post":"1","show_popup_post":"1","number_popup_post":"1","show_author_box":"0","show_post_related":"0","show_inline_post_related":"0"}],"override_image_size":"0","image_override":[{"single_post_thumbnail_size":"no-crop","single_post_gallery_size":"crop-715"}],"trending_post":"0","trending_post_position":"meta","trending_post_label":"Trending","sponsored_post":"0","sponsored_post_label":"Sponsored by","sponsored_post_name":"","sponsored_post_url":"","sponsored_post_logo_enable":"0","sponsored_post_logo":"","sponsored_post_desc":"","disable_ad":"0"},"jnews_primary_category":{"id":"","hide":""},"footnotes":""},"categories":[106],"tags":[],"class_list":["post-5670","post","type-post","status-publish","format-standard","has-post-thumbnail","hentry","category-educacao"],"_links":{"self":[{"href":"https:\/\/cidadebaixaonline.com.br\/index.php\/wp-json\/wp\/v2\/posts\/5670","targetHints":{"allow":["GET"]}}],"collection":[{"href":"https:\/\/cidadebaixaonline.com.br\/index.php\/wp-json\/wp\/v2\/posts"}],"about":[{"href":"https:\/\/cidadebaixaonline.com.br\/index.php\/wp-json\/wp\/v2\/types\/post"}],"author":[{"embeddable":true,"href":"https:\/\/cidadebaixaonline.com.br\/index.php\/wp-json\/wp\/v2\/users\/2"}],"replies":[{"embeddable":true,"href":"https:\/\/cidadebaixaonline.com.br\/index.php\/wp-json\/wp\/v2\/comments?post=5670"}],"version-history":[{"count":1,"href":"https:\/\/cidadebaixaonline.com.br\/index.php\/wp-json\/wp\/v2\/posts\/5670\/revisions"}],"predecessor-version":[{"id":5672,"href":"https:\/\/cidadebaixaonline.com.br\/index.php\/wp-json\/wp\/v2\/posts\/5670\/revisions\/5672"}],"wp:featuredmedia":[{"embeddable":true,"href":"https:\/\/cidadebaixaonline.com.br\/index.php\/wp-json\/wp\/v2\/media\/5671"}],"wp:attachment":[{"href":"https:\/\/cidadebaixaonline.com.br\/index.php\/wp-json\/wp\/v2\/media?parent=5670"}],"wp:term":[{"taxonomy":"category","embeddable":true,"href":"https:\/\/cidadebaixaonline.com.br\/index.php\/wp-json\/wp\/v2\/categories?post=5670"},{"taxonomy":"post_tag","embeddable":true,"href":"https:\/\/cidadebaixaonline.com.br\/index.php\/wp-json\/wp\/v2\/tags?post=5670"}],"curies":[{"name":"wp","href":"https:\/\/api.w.org\/{rel}","templated":true}]}}