{"id":5596,"date":"2023-11-07T14:00:48","date_gmt":"2023-11-07T17:00:48","guid":{"rendered":"https:\/\/cidadebaixaonline.com.br\/?p=5596"},"modified":"2023-11-07T14:00:50","modified_gmt":"2023-11-07T17:00:50","slug":"casos-de-covid-19-tem-alta-de-mais-de-130-na-bahia","status":"publish","type":"post","link":"https:\/\/cidadebaixaonline.com.br\/index.php\/2023\/11\/07\/casos-de-covid-19-tem-alta-de-mais-de-130-na-bahia\/","title":{"rendered":"Casos de Covid-19 tem alta de mais de 130% na Bahia"},"content":{"rendered":"\n<p>Entre os dias 29 de outubro e 4 de novembro, a Bahia teve um aumento de 131,2% em casos de covid-19 com um total de 654 testes positivos. O dado \u00e9 fruto de uma compara\u00e7\u00e3o com a semana anterior, que foi de 22 a 28 de outubro, em que foram contabilizados 279 casos.&nbsp;<\/p>\n\n\n\n<p>O n\u00famero \u00e9 a soma dos testes feitos em pontos disponibilizados pelo estado e prefeituras, al\u00e9m dos feitos em laborat\u00f3rios particulares, mas n\u00e3o considera os testes de farm\u00e1cia. A covid-19 tem sido confundida com gripes e resfriados, o que tem diminuto a busca por testes oficiais e dificulta a contabiliza\u00e7\u00e3o dos casos por \u00f3rg\u00e3os oficiais. Por isso, n\u00e3o d\u00e1 para saber o n\u00famero oficial de doentes.&nbsp;<\/p>\n\n\n\n<p>Foram registradas cinco mortes em decorr\u00eancia da Covid-19 no estado em outubro. Cinco pessoas est\u00e3o internadas com a doen\u00e7a nesta segunda-feira (6).&nbsp;<\/p>\n\n\n\n<p>Diante da situa\u00e7\u00e3o, a Secretaria Municipal da Sa\u00fade (SMS) da capital vai retornar a campanha &#8220;Happy Hour da Vacina&#8221;, entre ter\u00e7a-feira (7) e quinta-feira (9). Com o objetivo de refor\u00e7ar a vacina\u00e7\u00e3o, unidades de sa\u00fade, pontos de vacina\u00e7\u00e3o por drive-thru e locais de grande circula\u00e7\u00e3o de pessoas estar\u00e3o abertos at\u00e9 \u00e0s 20h.<\/p>\n\n\n\n<p>A lista completa de unidades, a documenta\u00e7\u00e3o necess\u00e1ria, aprazamentos e p\u00fablico-alvo v\u00e3o ser disponibilizados no site do \u00f3rg\u00e3o ainda nesta segunda, conforme gest\u00e3o.<\/p>\n\n\n\n<p>Fonte: Varela Net <\/p>\n","protected":false},"excerpt":{"rendered":"<p>Entre os dias 29 de outubro e 4 de novembro, a Bahia teve um aumento de 131,2% em casos de covid-19 com um total de 654 testes positivos. O dado \u00e9 fruto de uma compara\u00e7\u00e3o com a semana anterior, que foi de 22 a 28 de outubro, em que foram contabilizados 279 casos.&nbsp; O n\u00famero [&hellip;]<\/p>\n","protected":false},"author":2,"featured_media":5597,"comment_status":"open","ping_status":"open","sticky":false,"template":"","format":"standard","meta":{"jnews-multi-image_gallery":[],"jnews_single_post":{"subtitle":"","format":"standard","video":"","gallery":"","source_name":"","source_url":"","via_name":"","via_url":"","override_template":"0","override":[{"template":"1","single_blog_custom":"","parallax":"1","fullscreen":"1","layout":"right-sidebar","sidebar":"default-sidebar","second_sidebar":"default-sidebar","sticky_sidebar":"1","share_position":"top","share_float_style":"share-monocrhome","show_share_counter":"0","show_view_counter":"0","show_featured":"1","show_post_meta":"1","show_post_author":"0","show_post_author_image":"1","show_post_date":"1","post_date_format":"default","post_date_format_custom":"Y\/m\/d","show_post_category":"1","show_post_reading_time":"0","post_reading_time_wpm":"300","show_zoom_button":"0","zoom_button_out_step":"2","zoom_button_in_step":"3","show_post_tag":"1","show_prev_next_post":"1","show_popup_post":"1","number_popup_post":"1","show_author_box":"0","show_post_related":"0","show_inline_post_related":"0"}],"override_image_size":"0","image_override":[{"single_post_thumbnail_size":"no-crop","single_post_gallery_size":"crop-715"}],"trending_post":"0","trending_post_position":"meta","trending_post_label":"Trending","sponsored_post":"0","sponsored_post_label":"Sponsored by","sponsored_post_name":"","sponsored_post_url":"","sponsored_post_logo_enable":"0","sponsored_post_logo":"","sponsored_post_desc":"","disable_ad":"0"},"jnews_primary_category":{"id":"","hide":""},"footnotes":""},"categories":[94],"tags":[],"class_list":["post-5596","post","type-post","status-publish","format-standard","has-post-thumbnail","hentry","category-saude-2"],"_links":{"self":[{"href":"https:\/\/cidadebaixaonline.com.br\/index.php\/wp-json\/wp\/v2\/posts\/5596","targetHints":{"allow":["GET"]}}],"collection":[{"href":"https:\/\/cidadebaixaonline.com.br\/index.php\/wp-json\/wp\/v2\/posts"}],"about":[{"href":"https:\/\/cidadebaixaonline.com.br\/index.php\/wp-json\/wp\/v2\/types\/post"}],"author":[{"embeddable":true,"href":"https:\/\/cidadebaixaonline.com.br\/index.php\/wp-json\/wp\/v2\/users\/2"}],"replies":[{"embeddable":true,"href":"https:\/\/cidadebaixaonline.com.br\/index.php\/wp-json\/wp\/v2\/comments?post=5596"}],"version-history":[{"count":1,"href":"https:\/\/cidadebaixaonline.com.br\/index.php\/wp-json\/wp\/v2\/posts\/5596\/revisions"}],"predecessor-version":[{"id":5598,"href":"https:\/\/cidadebaixaonline.com.br\/index.php\/wp-json\/wp\/v2\/posts\/5596\/revisions\/5598"}],"wp:featuredmedia":[{"embeddable":true,"href":"https:\/\/cidadebaixaonline.com.br\/index.php\/wp-json\/wp\/v2\/media\/5597"}],"wp:attachment":[{"href":"https:\/\/cidadebaixaonline.com.br\/index.php\/wp-json\/wp\/v2\/media?parent=5596"}],"wp:term":[{"taxonomy":"category","embeddable":true,"href":"https:\/\/cidadebaixaonline.com.br\/index.php\/wp-json\/wp\/v2\/categories?post=5596"},{"taxonomy":"post_tag","embeddable":true,"href":"https:\/\/cidadebaixaonline.com.br\/index.php\/wp-json\/wp\/v2\/tags?post=5596"}],"curies":[{"name":"wp","href":"https:\/\/api.w.org\/{rel}","templated":true}]}}