{"id":5593,"date":"2023-11-07T13:53:42","date_gmt":"2023-11-07T16:53:42","guid":{"rendered":"https:\/\/cidadebaixaonline.com.br\/?p=5593"},"modified":"2023-11-07T13:53:43","modified_gmt":"2023-11-07T16:53:43","slug":"familia-de-sara-mariano-faz-protesto-no-forum-ruy-barbosa-e-pede-para-ver-a-neta","status":"publish","type":"post","link":"https:\/\/cidadebaixaonline.com.br\/index.php\/2023\/11\/07\/familia-de-sara-mariano-faz-protesto-no-forum-ruy-barbosa-e-pede-para-ver-a-neta\/","title":{"rendered":"Fam\u00edlia de Sara Mariano faz protesto no F\u00f3rum Ruy Barbosa e pede para ver a neta"},"content":{"rendered":"\n<p>Fam\u00edlia maternda da cantora gospel assassinada Sara Mariano protestou em frente ao F\u00f3rum Ruy Barbosa, em Salvador e pediram para ver a neta, que segue sob os cuidados dos av\u00f3s paternos.&nbsp;<\/p>\n\n\n\n<p>A m\u00e3e e a irm\u00e3 da cantora encabe\u00e7aram o protesto. As duas conversaram com a TV Bahia: \u201cEstou com muita saudade. N\u00e3o sei mas nem o que falar, mas Deus vai fazer justi\u00e7a. Deus \u00e9 quem vai fazer justi\u00e7a na vida desse povo que est\u00e1 com tanta maldade. Eu quero muito criar a minha neta na presen\u00e7a de Deus\u201d, alegou Dolores, m\u00e3e de Sara Mariano.&nbsp;<\/p>\n\n\n\n<p>\u201cComo qualquer outra v\u00f3, ela fica nervosa, apreensiva. Deus \u00e9 quem tem dado for\u00e7a para minha m\u00e3e, para ela continuar nessa batalha, nessa luta, porque n\u00f3s perdemos algu\u00e9m que n\u00f3s amamos muito, ent\u00e3o qualquer pessoa que se p\u00f5e no lugar dela vai sentir essa dor\u201d, comentou a irm\u00e3 da cantora, Soraya.&nbsp;<\/p>\n\n\n\n<p>Soraya tamb\u00e9m fala que tentou entrar em contato com a fam\u00edlia de Ederlan Mariano, que mant\u00e9m a filha do suspeito e da cantora assassinada sob seus cuidados, mas segundo ela, \u201csem nenhum \u00eaxito tamb\u00e9m, n\u00e3o nos dizem nada, s\u00f3 conversas vagas\u201d.<\/p>\n\n\n\n<p>Ederlan est\u00e1 preso em Salvador desde que se tornou o principal suspeito de ordenar o crime contra a esposa, que aconteceu em Dias D\u2019\u00c1vila em 24 de outubro.<\/p>\n\n\n\n<p>Fonte: Varela Net <\/p>\n","protected":false},"excerpt":{"rendered":"<p>Fam\u00edlia maternda da cantora gospel assassinada Sara Mariano protestou em frente ao F\u00f3rum Ruy Barbosa, em Salvador e pediram para ver a neta, que segue sob os cuidados dos av\u00f3s paternos.&nbsp; A m\u00e3e e a irm\u00e3 da cantora encabe\u00e7aram o protesto. As duas conversaram com a TV Bahia: \u201cEstou com muita saudade. N\u00e3o sei mas [&hellip;]<\/p>\n","protected":false},"author":2,"featured_media":5594,"comment_status":"open","ping_status":"open","sticky":false,"template":"","format":"standard","meta":{"jnews-multi-image_gallery":[],"jnews_single_post":{"subtitle":"","format":"standard","video":"","gallery":"","source_name":"","source_url":"","via_name":"","via_url":"","override_template":"0","override":[{"template":"1","single_blog_custom":"","parallax":"1","fullscreen":"1","layout":"right-sidebar","sidebar":"default-sidebar","second_sidebar":"default-sidebar","sticky_sidebar":"1","share_position":"top","share_float_style":"share-monocrhome","show_share_counter":"0","show_view_counter":"0","show_featured":"1","show_post_meta":"1","show_post_author":"0","show_post_author_image":"1","show_post_date":"1","post_date_format":"default","post_date_format_custom":"Y\/m\/d","show_post_category":"1","show_post_reading_time":"0","post_reading_time_wpm":"300","show_zoom_button":"0","zoom_button_out_step":"2","zoom_button_in_step":"3","show_post_tag":"1","show_prev_next_post":"1","show_popup_post":"1","number_popup_post":"1","show_author_box":"0","show_post_related":"0","show_inline_post_related":"0"}],"override_image_size":"0","image_override":[{"single_post_thumbnail_size":"no-crop","single_post_gallery_size":"crop-715"}],"trending_post":"0","trending_post_position":"meta","trending_post_label":"Trending","sponsored_post":"0","sponsored_post_label":"Sponsored by","sponsored_post_name":"","sponsored_post_url":"","sponsored_post_logo_enable":"0","sponsored_post_logo":"","sponsored_post_desc":"","disable_ad":"0"},"jnews_primary_category":{"id":"","hide":""},"footnotes":""},"categories":[107],"tags":[],"class_list":["post-5593","post","type-post","status-publish","format-standard","has-post-thumbnail","hentry","category-justica"],"_links":{"self":[{"href":"https:\/\/cidadebaixaonline.com.br\/index.php\/wp-json\/wp\/v2\/posts\/5593","targetHints":{"allow":["GET"]}}],"collection":[{"href":"https:\/\/cidadebaixaonline.com.br\/index.php\/wp-json\/wp\/v2\/posts"}],"about":[{"href":"https:\/\/cidadebaixaonline.com.br\/index.php\/wp-json\/wp\/v2\/types\/post"}],"author":[{"embeddable":true,"href":"https:\/\/cidadebaixaonline.com.br\/index.php\/wp-json\/wp\/v2\/users\/2"}],"replies":[{"embeddable":true,"href":"https:\/\/cidadebaixaonline.com.br\/index.php\/wp-json\/wp\/v2\/comments?post=5593"}],"version-history":[{"count":1,"href":"https:\/\/cidadebaixaonline.com.br\/index.php\/wp-json\/wp\/v2\/posts\/5593\/revisions"}],"predecessor-version":[{"id":5595,"href":"https:\/\/cidadebaixaonline.com.br\/index.php\/wp-json\/wp\/v2\/posts\/5593\/revisions\/5595"}],"wp:featuredmedia":[{"embeddable":true,"href":"https:\/\/cidadebaixaonline.com.br\/index.php\/wp-json\/wp\/v2\/media\/5594"}],"wp:attachment":[{"href":"https:\/\/cidadebaixaonline.com.br\/index.php\/wp-json\/wp\/v2\/media?parent=5593"}],"wp:term":[{"taxonomy":"category","embeddable":true,"href":"https:\/\/cidadebaixaonline.com.br\/index.php\/wp-json\/wp\/v2\/categories?post=5593"},{"taxonomy":"post_tag","embeddable":true,"href":"https:\/\/cidadebaixaonline.com.br\/index.php\/wp-json\/wp\/v2\/tags?post=5593"}],"curies":[{"name":"wp","href":"https:\/\/api.w.org\/{rel}","templated":true}]}}