{"id":5511,"date":"2023-10-31T16:26:34","date_gmt":"2023-10-31T19:26:34","guid":{"rendered":"https:\/\/cidadebaixaonline.com.br\/?p=5511"},"modified":"2023-10-31T16:26:36","modified_gmt":"2023-10-31T19:26:36","slug":"prefeito-de-canavieiras-pode-ser-cassado-por-infracoes-administrativas","status":"publish","type":"post","link":"https:\/\/cidadebaixaonline.com.br\/index.php\/2023\/10\/31\/prefeito-de-canavieiras-pode-ser-cassado-por-infracoes-administrativas\/","title":{"rendered":"Prefeito de Canavieiras pode ser cassado por infra\u00e7\u00f5es administrativas"},"content":{"rendered":"\n<p>A C\u00e2mara Municipal de Canavieiras, sul da Bahia, vai realizar uma sess\u00e3o extraordin\u00e1ria, nesta quarta-feira, 1, para analisar a den\u00fancia por supostas infra\u00e7\u00f5es pol\u00edtico-administrativas. do prefeito Cl\u00f3vis Roberto Almeida de Souza (Pros). Caso as den\u00fancias sejam acatadas por, no m\u00ednimo, 8 vereadores, o prefeito deve ser cassado.<\/p>\n\n\n\n<p>A acusa\u00e7\u00e3o contra o gestor \u00e9 por suposto decreto de cr\u00e9dito suplementar sem autoriza\u00e7\u00e3o do Poder Legislativo local, aus\u00eancia de comprova\u00e7\u00e3o dos recolhimentos do INSS e ren\u00fancia de receita na Cobran\u00e7a da D\u00edvida Ativa.<\/p>\n\n\n\n<p>O juiz da Vara C\u00edvel de Canavieiras, Bruno Borges Lima Dantas, negou, nesta ter\u00e7a-feira, 31, o pedido de liminar formulado pelo vereador Vitor F\u00e1bio Torres Homem, no qual o parlamentar alegava supostas irregularidades na convoca\u00e7\u00e3o da sess\u00e3o extraordin\u00e1ria para o julgamento da den\u00fancia contra o prefeito.<\/p>\n\n\n\n<p>O magistrado afirma que o vereador utilizou o \u201ccopia e cola\u201d de uma outra a\u00e7\u00e3o movida pelo prefeito de Canavieiras, que tamb\u00e9m tenta impedir o julgamento da den\u00fancia, a qual pode resultar na cassa\u00e7\u00e3o do mandato por infra\u00e7\u00f5es pol\u00edtico-administrativas de Cl\u00f3vis Roberto.<\/p>\n\n\n\n<p>Fonte: ATarde <\/p>\n","protected":false},"excerpt":{"rendered":"<p>A C\u00e2mara Municipal de Canavieiras, sul da Bahia, vai realizar uma sess\u00e3o extraordin\u00e1ria, nesta quarta-feira, 1, para analisar a den\u00fancia por supostas infra\u00e7\u00f5es pol\u00edtico-administrativas. do prefeito Cl\u00f3vis Roberto Almeida de Souza (Pros). Caso as den\u00fancias sejam acatadas por, no m\u00ednimo, 8 vereadores, o prefeito deve ser cassado. A acusa\u00e7\u00e3o contra o gestor \u00e9 por suposto [&hellip;]<\/p>\n","protected":false},"author":2,"featured_media":5512,"comment_status":"open","ping_status":"open","sticky":false,"template":"","format":"standard","meta":{"jnews-multi-image_gallery":[],"jnews_single_post":{"subtitle":"","format":"standard","video":"","gallery":"","source_name":"","source_url":"","via_name":"","via_url":"","override_template":"0","override":[{"template":"1","single_blog_custom":"","parallax":"1","fullscreen":"1","layout":"right-sidebar","sidebar":"default-sidebar","second_sidebar":"default-sidebar","sticky_sidebar":"1","share_position":"top","share_float_style":"share-monocrhome","show_share_counter":"0","show_view_counter":"0","show_featured":"1","show_post_meta":"1","show_post_author":"0","show_post_author_image":"1","show_post_date":"1","post_date_format":"default","post_date_format_custom":"Y\/m\/d","show_post_category":"1","show_post_reading_time":"0","post_reading_time_wpm":"300","show_zoom_button":"0","zoom_button_out_step":"2","zoom_button_in_step":"3","show_post_tag":"1","show_prev_next_post":"1","show_popup_post":"1","number_popup_post":"1","show_author_box":"0","show_post_related":"0","show_inline_post_related":"0"}],"override_image_size":"0","image_override":[{"single_post_thumbnail_size":"no-crop","single_post_gallery_size":"crop-715"}],"trending_post":"0","trending_post_position":"meta","trending_post_label":"Trending","sponsored_post":"0","sponsored_post_label":"Sponsored by","sponsored_post_name":"","sponsored_post_url":"","sponsored_post_logo_enable":"0","sponsored_post_logo":"","sponsored_post_desc":"","disable_ad":"0"},"jnews_primary_category":{"id":"","hide":""},"footnotes":""},"categories":[91],"tags":[],"class_list":["post-5511","post","type-post","status-publish","format-standard","has-post-thumbnail","hentry","category-politica"],"_links":{"self":[{"href":"https:\/\/cidadebaixaonline.com.br\/index.php\/wp-json\/wp\/v2\/posts\/5511","targetHints":{"allow":["GET"]}}],"collection":[{"href":"https:\/\/cidadebaixaonline.com.br\/index.php\/wp-json\/wp\/v2\/posts"}],"about":[{"href":"https:\/\/cidadebaixaonline.com.br\/index.php\/wp-json\/wp\/v2\/types\/post"}],"author":[{"embeddable":true,"href":"https:\/\/cidadebaixaonline.com.br\/index.php\/wp-json\/wp\/v2\/users\/2"}],"replies":[{"embeddable":true,"href":"https:\/\/cidadebaixaonline.com.br\/index.php\/wp-json\/wp\/v2\/comments?post=5511"}],"version-history":[{"count":1,"href":"https:\/\/cidadebaixaonline.com.br\/index.php\/wp-json\/wp\/v2\/posts\/5511\/revisions"}],"predecessor-version":[{"id":5513,"href":"https:\/\/cidadebaixaonline.com.br\/index.php\/wp-json\/wp\/v2\/posts\/5511\/revisions\/5513"}],"wp:featuredmedia":[{"embeddable":true,"href":"https:\/\/cidadebaixaonline.com.br\/index.php\/wp-json\/wp\/v2\/media\/5512"}],"wp:attachment":[{"href":"https:\/\/cidadebaixaonline.com.br\/index.php\/wp-json\/wp\/v2\/media?parent=5511"}],"wp:term":[{"taxonomy":"category","embeddable":true,"href":"https:\/\/cidadebaixaonline.com.br\/index.php\/wp-json\/wp\/v2\/categories?post=5511"},{"taxonomy":"post_tag","embeddable":true,"href":"https:\/\/cidadebaixaonline.com.br\/index.php\/wp-json\/wp\/v2\/tags?post=5511"}],"curies":[{"name":"wp","href":"https:\/\/api.w.org\/{rel}","templated":true}]}}