{"id":5508,"date":"2023-10-31T16:20:47","date_gmt":"2023-10-31T19:20:47","guid":{"rendered":"https:\/\/cidadebaixaonline.com.br\/?p=5508"},"modified":"2023-10-31T16:20:50","modified_gmt":"2023-10-31T19:20:50","slug":"governo-esta-perdendo-tempo-em-nao-definir-candidato-em-ilheus-pois-oposicao-ja-esta-em-campanha-diz-rosemberg","status":"publish","type":"post","link":"https:\/\/cidadebaixaonline.com.br\/index.php\/2023\/10\/31\/governo-esta-perdendo-tempo-em-nao-definir-candidato-em-ilheus-pois-oposicao-ja-esta-em-campanha-diz-rosemberg\/","title":{"rendered":"Governo est\u00e1 &#8220;perdendo tempo&#8221; em n\u00e3o definir candidato em Ilh\u00e9us pois oposi\u00e7\u00e3o \u201cj\u00e1 est\u00e1 em campanha\u201d, diz Rosemberg"},"content":{"rendered":"\n<p>O l\u00edder do governo na Assembleia Legislativa da Bahia (AL-BA), Rosemberg Pinto, cobrou celeridade no processo de escolha da base aliada acerca do nome que ser\u00e1 indicado para concorrer \u00e0 prefeitura de Ilh\u00e9us, no Sul da Bahia.<\/p>\n\n\n\n<p>A declara\u00e7\u00e3o vem em meio ao entrave protagonizado pelo prefeito da cidade, M\u00e1rio Alexandre, conhecido como Mar\u00e3o (PSD), que contrariou a orienta\u00e7\u00e3o do governador Jer\u00f4nimo Rodrigues (PT), que defende um nome da base, e resolveu indicar o atual secret\u00e1rio de Gest\u00e3o de Ilh\u00e9us, Bento Lima, para suceder sua cadeira na prefeitura.<\/p>\n\n\n\n<p>Rosemberg declarou, nesta ter\u00e7a-feira (31), enxergar a movimenta\u00e7\u00e3o como \u201cleg\u00edtima\u201d, por\u00e9m acredita que h\u00e1 uma demora em rela\u00e7\u00e3o \u00e0 defini\u00e7\u00e3o do nome que ir\u00e1 ao pleito em 2024, uma vez que o \u2018outro lado\u2019 j\u00e1 tem candidatos em campanha. Vale lembrar que circulam nos bastidores os nomes do\u00a0ex-prefeito Jabes Ribeiro (PP) e de Valderico J\u00fanior (Uni\u00e3o), como poss\u00edveis candidatos da oposi\u00e7\u00e3o em Ilh\u00e9us.<\/p>\n\n\n\n<p>\u201c\u00c9 leg\u00edtimo que o prefeito queira apresentar um nome. Isso n\u00e3o \u00e9 nenhum problema. O problema \u00e9 que n\u00f3s precisamos agilizar e escolher entre os nomes apresentados aquele que melhor unifique a base governista, ou seja, a base do governador Jer\u00f4nimo Rodrigues, do presidente Lula, para apresentar para a sociedade. A minha cobran\u00e7a \u00e9 de agilidade em rela\u00e7\u00e3o ao nome, porque os outros nomes que acompanharam ACM Neto e Jair Bolsonaro, est\u00e3o em campanha. Enquanto isso, n\u00f3s estamos perdendo tempo em n\u00e3o ter o nome j\u00e1 definido. Acho que todos os partidos PT, PSB, PSD, PV, todos t\u00eam nomes a apresentar\u201d, declarou o l\u00edder do governo na AL-BA.<\/p>\n\n\n\n<p>Ao Bahia Not\u00edcias, Rosemberg ainda destacou que as tratativas para essa defini\u00e7\u00e3o j\u00e1 est\u00e3o ocorrendo. O deputado estadual confirmou que se reuniu recentemente, com a o prefeito Mar\u00e3o e com a primeira-dama de Ilh\u00e9us, a deputada Soane Galv\u00e3o (PSB) para tratar sobre o tema e que h\u00e1 uma nova reuni\u00e3o prevista para dar seguimento ao debate. Vale lembrar que em agosto, durante entrevista \u00e0 R\u00e1dio Salvador FM, Soane se mostrou otimista com a possibilidade de suceder o marido na gest\u00e3o municipal. No entanto, para que isso ocorra, a parlamentar teria que renunciar ao cargo oficial de primeira-dama de Ilh\u00e9us.<\/p>\n\n\n\n<p>\u201cNa semana passada eu me reuni com a deputada Soane e com o prefeito Mar\u00e3o, exatamente com essa opini\u00e3o [de definir um nome em Ilh\u00e9us]. Ficamos de voltar a conversar agora na pr\u00f3xima semana. E eu espero que dessa minha conversa que relatei ao presidente estadual do meu partido [\u00c9den Valadares] e ao governador, possa sair da\u00ed. \u00c9 uma sinaliza\u00e7\u00e3o de agilidade em reunir os diversos partidos da base aliada em Ilh\u00e9us para que possa entre eles apresentar uma alternativa ou pelo menos iniciar esse debate e para que a gente possa at\u00e9, no m\u00e1ximo at\u00e9 o final do ano, ter esse nome consolidado que n\u00f3s estamos perdendo tempo, na minha opini\u00e3o, em n\u00e3o ter o nome afinado entre os principais partidos que apoiam o governo e que apoiam o prefeito Mar\u00e3o em Ilh\u00e9us\u201d, afirmou Rosemberg Pinto.<\/p>\n\n\n\n<p>Fonte: Bahia Not\u00edcias <\/p>\n","protected":false},"excerpt":{"rendered":"<p>O l\u00edder do governo na Assembleia Legislativa da Bahia (AL-BA), Rosemberg Pinto, cobrou celeridade no processo de escolha da base aliada acerca do nome que ser\u00e1 indicado para concorrer \u00e0 prefeitura de Ilh\u00e9us, no Sul da Bahia. A declara\u00e7\u00e3o vem em meio ao entrave protagonizado pelo prefeito da cidade, M\u00e1rio Alexandre, conhecido como Mar\u00e3o (PSD), [&hellip;]<\/p>\n","protected":false},"author":2,"featured_media":5509,"comment_status":"open","ping_status":"open","sticky":false,"template":"","format":"standard","meta":{"jnews-multi-image_gallery":[],"jnews_single_post":{"subtitle":"","format":"standard","video":"","gallery":"","source_name":"","source_url":"","via_name":"","via_url":"","override_template":"0","override":[{"template":"1","single_blog_custom":"","parallax":"1","fullscreen":"1","layout":"right-sidebar","sidebar":"default-sidebar","second_sidebar":"default-sidebar","sticky_sidebar":"1","share_position":"top","share_float_style":"share-monocrhome","show_share_counter":"0","show_view_counter":"0","show_featured":"1","show_post_meta":"1","show_post_author":"0","show_post_author_image":"1","show_post_date":"1","post_date_format":"default","post_date_format_custom":"Y\/m\/d","show_post_category":"1","show_post_reading_time":"0","post_reading_time_wpm":"300","show_zoom_button":"0","zoom_button_out_step":"2","zoom_button_in_step":"3","show_post_tag":"1","show_prev_next_post":"1","show_popup_post":"1","number_popup_post":"1","show_author_box":"0","show_post_related":"0","show_inline_post_related":"0"}],"override_image_size":"0","image_override":[{"single_post_thumbnail_size":"no-crop","single_post_gallery_size":"crop-715"}],"trending_post":"0","trending_post_position":"meta","trending_post_label":"Trending","sponsored_post":"0","sponsored_post_label":"Sponsored by","sponsored_post_name":"","sponsored_post_url":"","sponsored_post_logo_enable":"0","sponsored_post_logo":"","sponsored_post_desc":"","disable_ad":"0"},"jnews_primary_category":{"id":"","hide":""},"footnotes":""},"categories":[91],"tags":[],"class_list":["post-5508","post","type-post","status-publish","format-standard","has-post-thumbnail","hentry","category-politica"],"_links":{"self":[{"href":"https:\/\/cidadebaixaonline.com.br\/index.php\/wp-json\/wp\/v2\/posts\/5508","targetHints":{"allow":["GET"]}}],"collection":[{"href":"https:\/\/cidadebaixaonline.com.br\/index.php\/wp-json\/wp\/v2\/posts"}],"about":[{"href":"https:\/\/cidadebaixaonline.com.br\/index.php\/wp-json\/wp\/v2\/types\/post"}],"author":[{"embeddable":true,"href":"https:\/\/cidadebaixaonline.com.br\/index.php\/wp-json\/wp\/v2\/users\/2"}],"replies":[{"embeddable":true,"href":"https:\/\/cidadebaixaonline.com.br\/index.php\/wp-json\/wp\/v2\/comments?post=5508"}],"version-history":[{"count":1,"href":"https:\/\/cidadebaixaonline.com.br\/index.php\/wp-json\/wp\/v2\/posts\/5508\/revisions"}],"predecessor-version":[{"id":5510,"href":"https:\/\/cidadebaixaonline.com.br\/index.php\/wp-json\/wp\/v2\/posts\/5508\/revisions\/5510"}],"wp:featuredmedia":[{"embeddable":true,"href":"https:\/\/cidadebaixaonline.com.br\/index.php\/wp-json\/wp\/v2\/media\/5509"}],"wp:attachment":[{"href":"https:\/\/cidadebaixaonline.com.br\/index.php\/wp-json\/wp\/v2\/media?parent=5508"}],"wp:term":[{"taxonomy":"category","embeddable":true,"href":"https:\/\/cidadebaixaonline.com.br\/index.php\/wp-json\/wp\/v2\/categories?post=5508"},{"taxonomy":"post_tag","embeddable":true,"href":"https:\/\/cidadebaixaonline.com.br\/index.php\/wp-json\/wp\/v2\/tags?post=5508"}],"curies":[{"name":"wp","href":"https:\/\/api.w.org\/{rel}","templated":true}]}}