{"id":5390,"date":"2023-10-30T10:51:44","date_gmt":"2023-10-30T13:51:44","guid":{"rendered":"https:\/\/cidadebaixaonline.com.br\/?p=5390"},"modified":"2023-10-30T10:51:46","modified_gmt":"2023-10-30T13:51:46","slug":"morte-de-rodrigo-amendoim-o-que-se-sabe-ate-agora","status":"publish","type":"post","link":"https:\/\/cidadebaixaonline.com.br\/index.php\/2023\/10\/30\/morte-de-rodrigo-amendoim-o-que-se-sabe-ate-agora\/","title":{"rendered":"Morte de Rodrigo Amendoim: o que se sabe at\u00e9 agora"},"content":{"rendered":"\n<p>A\u00a0morte de Rodrigo Amendoim comoveu as redes sociais. O influenciador digital baiano foi encontrado morto, na noite deste s\u00e1bado (28), no condom\u00ednio onde morava, em Lauro de Freitas. As circunst\u00e2ncias da perda ainda s\u00e3o investigadas.<\/p>\n\n\n\n<p>Ap\u00f3s\u00a0a not\u00edcia do falecimento ser confirmada pelo amigo Cristian Bell, diversas especula\u00e7\u00f5es come\u00e7aram a circular. O pr\u00f3prio Bell afirmou que o colega tirou a pr\u00f3pria vida.<\/p>\n\n\n\n<p>A 81\u00aa CIPM de Itinga foi acionada por volta das 19h30. Um efetivo formado por quatro policiais da PETO foi enviado para o condom\u00ednio.<\/p>\n\n\n\n<p>Ao chegar no local, o apartamento se encontrava arrombado por vizinhos. E, em um dos quartos,\u00a0foi encontrado o jovem deitado na cama, aparentemente com um disparo de pistola na cabe\u00e7a e um carregador da mesma arma ao lado.<\/p>\n\n\n\n<p>Em seguida,\u00a0a ex-assessora de Amendoim, Tays Cristina, apareceu nas redes sociais fazendo um desabafo emocionado. &#8220;Eu falei que ele iria tirar a vida dele. Eu falei com Rafael, eu falei para todo mundo e ningu\u00e9m me ouviu. Eu falei, ele veio chorar aqui e ningu\u00e9m prestou aten\u00e7\u00e3o nele&#8221;, disse, na grava\u00e7\u00e3o.<\/p>\n\n\n\n<p>Fonte: Bnews <\/p>\n\n\n\n<p><\/p>\n","protected":false},"excerpt":{"rendered":"<p>A\u00a0morte de Rodrigo Amendoim comoveu as redes sociais. O influenciador digital baiano foi encontrado morto, na noite deste s\u00e1bado (28), no condom\u00ednio onde morava, em Lauro de Freitas. As circunst\u00e2ncias da perda ainda s\u00e3o investigadas. Ap\u00f3s\u00a0a not\u00edcia do falecimento ser confirmada pelo amigo Cristian Bell, diversas especula\u00e7\u00f5es come\u00e7aram a circular. O pr\u00f3prio Bell afirmou que [&hellip;]<\/p>\n","protected":false},"author":2,"featured_media":5391,"comment_status":"open","ping_status":"open","sticky":false,"template":"","format":"standard","meta":{"jnews-multi-image_gallery":[],"jnews_single_post":{"subtitle":"","format":"standard","video":"","gallery":"","source_name":"","source_url":"","via_name":"","via_url":"","override_template":"0","override":[{"template":"1","single_blog_custom":"","parallax":"1","fullscreen":"1","layout":"right-sidebar","sidebar":"default-sidebar","second_sidebar":"default-sidebar","sticky_sidebar":"1","share_position":"top","share_float_style":"share-monocrhome","show_share_counter":"0","show_view_counter":"0","show_featured":"1","show_post_meta":"1","show_post_author":"0","show_post_author_image":"1","show_post_date":"1","post_date_format":"default","post_date_format_custom":"Y\/m\/d","show_post_category":"1","show_post_reading_time":"0","post_reading_time_wpm":"300","show_zoom_button":"0","zoom_button_out_step":"2","zoom_button_in_step":"3","show_post_tag":"1","show_prev_next_post":"1","show_popup_post":"1","number_popup_post":"1","show_author_box":"0","show_post_related":"0","show_inline_post_related":"0"}],"override_image_size":"0","image_override":[{"single_post_thumbnail_size":"no-crop","single_post_gallery_size":"crop-715"}],"trending_post":"0","trending_post_position":"meta","trending_post_label":"Trending","sponsored_post":"0","sponsored_post_label":"Sponsored by","sponsored_post_name":"","sponsored_post_url":"","sponsored_post_logo_enable":"0","sponsored_post_logo":"","sponsored_post_desc":"","disable_ad":"0"},"jnews_primary_category":{"id":"","hide":""},"footnotes":""},"categories":[105],"tags":[],"class_list":["post-5390","post","type-post","status-publish","format-standard","has-post-thumbnail","hentry","category-policia"],"_links":{"self":[{"href":"https:\/\/cidadebaixaonline.com.br\/index.php\/wp-json\/wp\/v2\/posts\/5390","targetHints":{"allow":["GET"]}}],"collection":[{"href":"https:\/\/cidadebaixaonline.com.br\/index.php\/wp-json\/wp\/v2\/posts"}],"about":[{"href":"https:\/\/cidadebaixaonline.com.br\/index.php\/wp-json\/wp\/v2\/types\/post"}],"author":[{"embeddable":true,"href":"https:\/\/cidadebaixaonline.com.br\/index.php\/wp-json\/wp\/v2\/users\/2"}],"replies":[{"embeddable":true,"href":"https:\/\/cidadebaixaonline.com.br\/index.php\/wp-json\/wp\/v2\/comments?post=5390"}],"version-history":[{"count":1,"href":"https:\/\/cidadebaixaonline.com.br\/index.php\/wp-json\/wp\/v2\/posts\/5390\/revisions"}],"predecessor-version":[{"id":5392,"href":"https:\/\/cidadebaixaonline.com.br\/index.php\/wp-json\/wp\/v2\/posts\/5390\/revisions\/5392"}],"wp:featuredmedia":[{"embeddable":true,"href":"https:\/\/cidadebaixaonline.com.br\/index.php\/wp-json\/wp\/v2\/media\/5391"}],"wp:attachment":[{"href":"https:\/\/cidadebaixaonline.com.br\/index.php\/wp-json\/wp\/v2\/media?parent=5390"}],"wp:term":[{"taxonomy":"category","embeddable":true,"href":"https:\/\/cidadebaixaonline.com.br\/index.php\/wp-json\/wp\/v2\/categories?post=5390"},{"taxonomy":"post_tag","embeddable":true,"href":"https:\/\/cidadebaixaonline.com.br\/index.php\/wp-json\/wp\/v2\/tags?post=5390"}],"curies":[{"name":"wp","href":"https:\/\/api.w.org\/{rel}","templated":true}]}}