{"id":5387,"date":"2023-10-30T10:39:53","date_gmt":"2023-10-30T13:39:53","guid":{"rendered":"https:\/\/cidadebaixaonline.com.br\/?p=5387"},"modified":"2023-10-30T10:39:55","modified_gmt":"2023-10-30T13:39:55","slug":"professor-de-capoeira-acusado-de-importunacao-sexual-e-solto-depois-de-audiencia","status":"publish","type":"post","link":"https:\/\/cidadebaixaonline.com.br\/index.php\/2023\/10\/30\/professor-de-capoeira-acusado-de-importunacao-sexual-e-solto-depois-de-audiencia\/","title":{"rendered":"Professor de capoeira acusado de importuna\u00e7\u00e3o sexual \u00e9 solto depois de audi\u00eancia"},"content":{"rendered":"\n<p>O professor de capoeira investigado por importuna\u00e7\u00e3o sexual contra alunas de uma escola particular do bairro do Nordeste de Amaralina, em Salvador, foi solto no in\u00edcio da tarde desta sexta-feira (27). A Justi\u00e7a concedeu liberdade provis\u00f3ria para ele ap\u00f3s audi\u00eancia de cust\u00f3dia.<\/p>\n\n\n\n<p>O professor de capoeira que foi preso por importuna\u00e7\u00e3o sexual contra alunas de uma escola particular de Salvador, teve liberdade provis\u00f3ria decretada pela Justi\u00e7a na tarde da \u00faltima sexta-feira (27), ap\u00f3s audi\u00eancia de cust\u00f3dia.<\/p>\n\n\n\n<p>De acordo com a delegada Simone Moutinho, da Delegacia Especializada de Repress\u00e3o aos Crimes Contra a Crian\u00e7a e o Adolescente (Dercca), oito estudantes entre 11 e 14 anos, realizaram uma denuncia contra o professor Givanildo Neves Concei\u00e7\u00e3o, de 38 anos e conhecido popurlamente como &#8220;Mestre Solid\u00e3o&#8221;.<\/p>\n\n\n\n<p>Ap\u00f3s a decis\u00e3o da Justi\u00e7a, Givanildo deve comparecer a todos os atos processuais e n\u00e3o poder\u00e1 sair de Salvador sem uma autoriza\u00e7\u00e3o judicial, ele tamb\u00e9m deve manter o seu endere\u00e7o residencial atualizado.<\/p>\n\n\n\n<p>Outras recomenda\u00e7\u00f5es adotadas pela justi\u00e7a s\u00e3o que Givanildo n\u00e3o tem autoriza\u00e7\u00e3o para sair a noite, at\u00e9 em fins de semana e tamb\u00e9m est\u00e1 proibido de entrar na escola em que as estudantes fizeram a denuncia, afim de evitar qualquer contato com elas. Ele tamb\u00e9m deve comparecer em ju\u00edzo a cada dois meses, no per\u00edodo de um ano.<\/p>\n\n\n\n<p>Fonte: Varela Net <\/p>\n","protected":false},"excerpt":{"rendered":"<p>O professor de capoeira investigado por importuna\u00e7\u00e3o sexual contra alunas de uma escola particular do bairro do Nordeste de Amaralina, em Salvador, foi solto no in\u00edcio da tarde desta sexta-feira (27). A Justi\u00e7a concedeu liberdade provis\u00f3ria para ele ap\u00f3s audi\u00eancia de cust\u00f3dia. O professor de capoeira que foi preso por importuna\u00e7\u00e3o sexual contra alunas de [&hellip;]<\/p>\n","protected":false},"author":2,"featured_media":5388,"comment_status":"open","ping_status":"open","sticky":false,"template":"","format":"standard","meta":{"jnews-multi-image_gallery":[],"jnews_single_post":{"subtitle":"","format":"standard","video":"","gallery":"","source_name":"","source_url":"","via_name":"","via_url":"","override_template":"0","override":[{"template":"1","single_blog_custom":"","parallax":"1","fullscreen":"1","layout":"right-sidebar","sidebar":"default-sidebar","second_sidebar":"default-sidebar","sticky_sidebar":"1","share_position":"top","share_float_style":"share-monocrhome","show_share_counter":"0","show_view_counter":"0","show_featured":"1","show_post_meta":"1","show_post_author":"0","show_post_author_image":"1","show_post_date":"1","post_date_format":"default","post_date_format_custom":"Y\/m\/d","show_post_category":"1","show_post_reading_time":"0","post_reading_time_wpm":"300","show_zoom_button":"0","zoom_button_out_step":"2","zoom_button_in_step":"3","show_post_tag":"1","show_prev_next_post":"1","show_popup_post":"1","number_popup_post":"1","show_author_box":"0","show_post_related":"0","show_inline_post_related":"0"}],"override_image_size":"0","image_override":[{"single_post_thumbnail_size":"no-crop","single_post_gallery_size":"crop-715"}],"trending_post":"0","trending_post_position":"meta","trending_post_label":"Trending","sponsored_post":"0","sponsored_post_label":"Sponsored by","sponsored_post_name":"","sponsored_post_url":"","sponsored_post_logo_enable":"0","sponsored_post_logo":"","sponsored_post_desc":"","disable_ad":"0"},"jnews_primary_category":{"id":"","hide":""},"footnotes":""},"categories":[107],"tags":[],"class_list":["post-5387","post","type-post","status-publish","format-standard","has-post-thumbnail","hentry","category-justica"],"_links":{"self":[{"href":"https:\/\/cidadebaixaonline.com.br\/index.php\/wp-json\/wp\/v2\/posts\/5387","targetHints":{"allow":["GET"]}}],"collection":[{"href":"https:\/\/cidadebaixaonline.com.br\/index.php\/wp-json\/wp\/v2\/posts"}],"about":[{"href":"https:\/\/cidadebaixaonline.com.br\/index.php\/wp-json\/wp\/v2\/types\/post"}],"author":[{"embeddable":true,"href":"https:\/\/cidadebaixaonline.com.br\/index.php\/wp-json\/wp\/v2\/users\/2"}],"replies":[{"embeddable":true,"href":"https:\/\/cidadebaixaonline.com.br\/index.php\/wp-json\/wp\/v2\/comments?post=5387"}],"version-history":[{"count":1,"href":"https:\/\/cidadebaixaonline.com.br\/index.php\/wp-json\/wp\/v2\/posts\/5387\/revisions"}],"predecessor-version":[{"id":5389,"href":"https:\/\/cidadebaixaonline.com.br\/index.php\/wp-json\/wp\/v2\/posts\/5387\/revisions\/5389"}],"wp:featuredmedia":[{"embeddable":true,"href":"https:\/\/cidadebaixaonline.com.br\/index.php\/wp-json\/wp\/v2\/media\/5388"}],"wp:attachment":[{"href":"https:\/\/cidadebaixaonline.com.br\/index.php\/wp-json\/wp\/v2\/media?parent=5387"}],"wp:term":[{"taxonomy":"category","embeddable":true,"href":"https:\/\/cidadebaixaonline.com.br\/index.php\/wp-json\/wp\/v2\/categories?post=5387"},{"taxonomy":"post_tag","embeddable":true,"href":"https:\/\/cidadebaixaonline.com.br\/index.php\/wp-json\/wp\/v2\/tags?post=5387"}],"curies":[{"name":"wp","href":"https:\/\/api.w.org\/{rel}","templated":true}]}}