{"id":5369,"date":"2023-10-27T11:31:50","date_gmt":"2023-10-27T14:31:50","guid":{"rendered":"https:\/\/cidadebaixaonline.com.br\/?p=5369"},"modified":"2023-10-27T11:31:52","modified_gmt":"2023-10-27T14:31:52","slug":"governo-demite-presidente-da-caixa-economica-federal-para-nomear-aliado-de-lira","status":"publish","type":"post","link":"https:\/\/cidadebaixaonline.com.br\/index.php\/2023\/10\/27\/governo-demite-presidente-da-caixa-economica-federal-para-nomear-aliado-de-lira\/","title":{"rendered":"Governo demite presidente da Caixa Econ\u00f4mica Federal para nomear aliado de Lira"},"content":{"rendered":"\n<p>O governo federal demitiu nesta quarta-feira (25) Rita Serrano, que ocupava o cargo de presidente da Caixa Econ\u00f4mica Federal.<\/p>\n\n\n\n<p>A CNN teve acesso a um comunicado do Pal\u00e1cio do Planalto dizendo que o presidente Luiz In\u00e1cio Lula da Silva se reuniu nesta quarta com Serrano e agradeceu seu trabalho e dedica\u00e7\u00e3o no exerc\u00edcio do cargo.<\/p>\n\n\n\n<p>\u201cSerrano cumpriu na sua gest\u00e3o uma miss\u00e3o importante de recupera\u00e7\u00e3o da gest\u00e3o e cultura interna da Caixa Econ\u00f4mica Federal, com a valoriza\u00e7\u00e3o do corpo de funcion\u00e1rios e retomada do papel do banco em diversas pol\u00edticas sociais, ao mesmo tempo aumentando sua efici\u00eancia e rentabilidade, ampliando os financiamentos para habita\u00e7\u00e3o, infraestrutura e agroneg\u00f3cio\u201d, diz a nota.<\/p>\n\n\n\n<p>O governo federal nomear\u00e1 o economista Carlos Ant\u00f4nio Vieira Fernandes para a presid\u00eancia do banco, aliado de Arthur Lira, presidente da C\u00e2mara dos Deputados.<\/p>\n\n\n\n<p>A mudan\u00e7a no comando da Caixa acontece em um momento em que a C\u00e2mara dos Deputados se prepara para vota\u00e7\u00e3o do projeto de taxa\u00e7\u00e3o das offshores e fundos exclusivos e em meio \u00e0s discuss\u00f5es sobre a reforma tribut\u00e1ria.<\/p>\n\n\n\n<p>Rita Serrano havia sido assumido o cargo de presidente da Caixa em janeiro deste ano. A cerim\u00f4nia de posse teve a participa\u00e7\u00e3o de Lula. Serrano foi a quarta mulher a presidir a institui\u00e7\u00e3o, sendo a segunda empregada de carreira.<\/p>\n\n\n\n<p>Fonte: CNN Brasil<\/p>\n","protected":false},"excerpt":{"rendered":"<p>O governo federal demitiu nesta quarta-feira (25) Rita Serrano, que ocupava o cargo de presidente da Caixa Econ\u00f4mica Federal. A CNN teve acesso a um comunicado do Pal\u00e1cio do Planalto dizendo que o presidente Luiz In\u00e1cio Lula da Silva se reuniu nesta quarta com Serrano e agradeceu seu trabalho e dedica\u00e7\u00e3o no exerc\u00edcio do cargo. [&hellip;]<\/p>\n","protected":false},"author":2,"featured_media":5370,"comment_status":"open","ping_status":"open","sticky":false,"template":"","format":"standard","meta":{"jnews-multi-image_gallery":[],"jnews_single_post":{"subtitle":"","format":"standard","video":"","gallery":"","source_name":"","source_url":"","via_name":"","via_url":"","override_template":"0","override":[{"template":"1","single_blog_custom":"","parallax":"1","fullscreen":"1","layout":"right-sidebar","sidebar":"default-sidebar","second_sidebar":"default-sidebar","sticky_sidebar":"1","share_position":"top","share_float_style":"share-monocrhome","show_share_counter":"0","show_view_counter":"0","show_featured":"1","show_post_meta":"1","show_post_author":"0","show_post_author_image":"1","show_post_date":"1","post_date_format":"default","post_date_format_custom":"Y\/m\/d","show_post_category":"1","show_post_reading_time":"0","post_reading_time_wpm":"300","show_zoom_button":"0","zoom_button_out_step":"2","zoom_button_in_step":"3","show_post_tag":"1","show_prev_next_post":"1","show_popup_post":"1","number_popup_post":"1","show_author_box":"0","show_post_related":"0","show_inline_post_related":"0"}],"override_image_size":"0","image_override":[{"single_post_thumbnail_size":"no-crop","single_post_gallery_size":"crop-715"}],"trending_post":"0","trending_post_position":"meta","trending_post_label":"Trending","sponsored_post":"0","sponsored_post_label":"Sponsored by","sponsored_post_name":"","sponsored_post_url":"","sponsored_post_logo_enable":"0","sponsored_post_logo":"","sponsored_post_desc":"","disable_ad":"0"},"jnews_primary_category":{"id":"","hide":""},"footnotes":""},"categories":[92],"tags":[],"class_list":["post-5369","post","type-post","status-publish","format-standard","has-post-thumbnail","hentry","category-economia"],"_links":{"self":[{"href":"https:\/\/cidadebaixaonline.com.br\/index.php\/wp-json\/wp\/v2\/posts\/5369","targetHints":{"allow":["GET"]}}],"collection":[{"href":"https:\/\/cidadebaixaonline.com.br\/index.php\/wp-json\/wp\/v2\/posts"}],"about":[{"href":"https:\/\/cidadebaixaonline.com.br\/index.php\/wp-json\/wp\/v2\/types\/post"}],"author":[{"embeddable":true,"href":"https:\/\/cidadebaixaonline.com.br\/index.php\/wp-json\/wp\/v2\/users\/2"}],"replies":[{"embeddable":true,"href":"https:\/\/cidadebaixaonline.com.br\/index.php\/wp-json\/wp\/v2\/comments?post=5369"}],"version-history":[{"count":1,"href":"https:\/\/cidadebaixaonline.com.br\/index.php\/wp-json\/wp\/v2\/posts\/5369\/revisions"}],"predecessor-version":[{"id":5371,"href":"https:\/\/cidadebaixaonline.com.br\/index.php\/wp-json\/wp\/v2\/posts\/5369\/revisions\/5371"}],"wp:featuredmedia":[{"embeddable":true,"href":"https:\/\/cidadebaixaonline.com.br\/index.php\/wp-json\/wp\/v2\/media\/5370"}],"wp:attachment":[{"href":"https:\/\/cidadebaixaonline.com.br\/index.php\/wp-json\/wp\/v2\/media?parent=5369"}],"wp:term":[{"taxonomy":"category","embeddable":true,"href":"https:\/\/cidadebaixaonline.com.br\/index.php\/wp-json\/wp\/v2\/categories?post=5369"},{"taxonomy":"post_tag","embeddable":true,"href":"https:\/\/cidadebaixaonline.com.br\/index.php\/wp-json\/wp\/v2\/tags?post=5369"}],"curies":[{"name":"wp","href":"https:\/\/api.w.org\/{rel}","templated":true}]}}