{"id":5366,"date":"2023-10-27T11:23:12","date_gmt":"2023-10-27T14:23:12","guid":{"rendered":"https:\/\/cidadebaixaonline.com.br\/?p=5366"},"modified":"2023-10-27T11:23:13","modified_gmt":"2023-10-27T14:23:13","slug":"bruno-reis-culpa-metro-por-crise-no-sistema-de-onibus-de-salvador","status":"publish","type":"post","link":"https:\/\/cidadebaixaonline.com.br\/index.php\/2023\/10\/27\/bruno-reis-culpa-metro-por-crise-no-sistema-de-onibus-de-salvador\/","title":{"rendered":"Bruno Reis culpa metr\u00f4 por crise no sistema de \u00f4nibus de Salvador"},"content":{"rendered":"\n<p>O prefeito\u00a0Bruno Reis\u00a0(UB) apontou para um dos fatores para a piora no sistema de \u00f4nibus de Salvador: o\u00a0Metr\u00f4, por ficarem com a maior porcentagem das tarifas. A declara\u00e7\u00e3o foi dada em entrevista para a\u00a0R\u00e1dio Metropole,\u00a0nesta ter\u00e7a-feira (24).<\/p>\n\n\n\n<p>\u201cO transporte de pneus, do ponto de vista financeiro, foi ficando invi\u00e1vel. Hoje a receita, fruto do pagamento da passagem, n\u00e3o cobre a despesa do sistema\u201d, disse Bruno Reis, que acredita que a situa\u00e7\u00e3o dos \u00f4nibus foi agravada com a chegada do metr\u00f4 na capital. \u201cFica com a parte maior da tarifa. 61% [metr\u00f4] a 39% [\u00f4nibus], ent\u00e3o isso foi o grande problema do sistema de Salvador\u201d, emendou.<\/p>\n\n\n\n<p>Ainda durante a entrevista, o prefeito voltou a defender e a cobrar do\u00a0governo federal\u00a0o pagamento de subs\u00eddio para auxiliar nos custos do transporte p\u00fablico.<\/p>\n\n\n\n<p>\u201cComo ocorre em todos os pa\u00edses do mundo: H\u00e1 subs\u00eddio federal. Tem em Londres, em Paris, em Cuba. Precisa ter um subs\u00eddio, precisa ter um conjunto de est\u00edmulos, incentivos fiscais, para reduzir o custo da opera\u00e7\u00e3o\u201d, disse.<\/p>\n\n\n\n<p>Fonte: Bnews <\/p>\n","protected":false},"excerpt":{"rendered":"<p>O prefeito\u00a0Bruno Reis\u00a0(UB) apontou para um dos fatores para a piora no sistema de \u00f4nibus de Salvador: o\u00a0Metr\u00f4, por ficarem com a maior porcentagem das tarifas. A declara\u00e7\u00e3o foi dada em entrevista para a\u00a0R\u00e1dio Metropole,\u00a0nesta ter\u00e7a-feira (24). \u201cO transporte de pneus, do ponto de vista financeiro, foi ficando invi\u00e1vel. Hoje a receita, fruto do pagamento [&hellip;]<\/p>\n","protected":false},"author":2,"featured_media":5367,"comment_status":"open","ping_status":"open","sticky":false,"template":"","format":"standard","meta":{"jnews-multi-image_gallery":[],"jnews_single_post":{"subtitle":"","format":"standard","video":"","gallery":"","source_name":"","source_url":"","via_name":"","via_url":"","override_template":"0","override":[{"template":"1","single_blog_custom":"","parallax":"1","fullscreen":"1","layout":"right-sidebar","sidebar":"default-sidebar","second_sidebar":"default-sidebar","sticky_sidebar":"1","share_position":"top","share_float_style":"share-monocrhome","show_share_counter":"0","show_view_counter":"0","show_featured":"1","show_post_meta":"1","show_post_author":"0","show_post_author_image":"1","show_post_date":"1","post_date_format":"default","post_date_format_custom":"Y\/m\/d","show_post_category":"1","show_post_reading_time":"0","post_reading_time_wpm":"300","show_zoom_button":"0","zoom_button_out_step":"2","zoom_button_in_step":"3","show_post_tag":"1","show_prev_next_post":"1","show_popup_post":"1","number_popup_post":"1","show_author_box":"0","show_post_related":"0","show_inline_post_related":"0"}],"override_image_size":"0","image_override":[{"single_post_thumbnail_size":"no-crop","single_post_gallery_size":"crop-715"}],"trending_post":"0","trending_post_position":"meta","trending_post_label":"Trending","sponsored_post":"0","sponsored_post_label":"Sponsored by","sponsored_post_name":"","sponsored_post_url":"","sponsored_post_logo_enable":"0","sponsored_post_logo":"","sponsored_post_desc":"","disable_ad":"0"},"jnews_primary_category":{"id":"","hide":""},"footnotes":""},"categories":[91],"tags":[],"class_list":["post-5366","post","type-post","status-publish","format-standard","has-post-thumbnail","hentry","category-politica"],"_links":{"self":[{"href":"https:\/\/cidadebaixaonline.com.br\/index.php\/wp-json\/wp\/v2\/posts\/5366","targetHints":{"allow":["GET"]}}],"collection":[{"href":"https:\/\/cidadebaixaonline.com.br\/index.php\/wp-json\/wp\/v2\/posts"}],"about":[{"href":"https:\/\/cidadebaixaonline.com.br\/index.php\/wp-json\/wp\/v2\/types\/post"}],"author":[{"embeddable":true,"href":"https:\/\/cidadebaixaonline.com.br\/index.php\/wp-json\/wp\/v2\/users\/2"}],"replies":[{"embeddable":true,"href":"https:\/\/cidadebaixaonline.com.br\/index.php\/wp-json\/wp\/v2\/comments?post=5366"}],"version-history":[{"count":1,"href":"https:\/\/cidadebaixaonline.com.br\/index.php\/wp-json\/wp\/v2\/posts\/5366\/revisions"}],"predecessor-version":[{"id":5368,"href":"https:\/\/cidadebaixaonline.com.br\/index.php\/wp-json\/wp\/v2\/posts\/5366\/revisions\/5368"}],"wp:featuredmedia":[{"embeddable":true,"href":"https:\/\/cidadebaixaonline.com.br\/index.php\/wp-json\/wp\/v2\/media\/5367"}],"wp:attachment":[{"href":"https:\/\/cidadebaixaonline.com.br\/index.php\/wp-json\/wp\/v2\/media?parent=5366"}],"wp:term":[{"taxonomy":"category","embeddable":true,"href":"https:\/\/cidadebaixaonline.com.br\/index.php\/wp-json\/wp\/v2\/categories?post=5366"},{"taxonomy":"post_tag","embeddable":true,"href":"https:\/\/cidadebaixaonline.com.br\/index.php\/wp-json\/wp\/v2\/tags?post=5366"}],"curies":[{"name":"wp","href":"https:\/\/api.w.org\/{rel}","templated":true}]}}