{"id":5328,"date":"2023-10-25T15:14:22","date_gmt":"2023-10-25T18:14:22","guid":{"rendered":"https:\/\/cidadebaixaonline.com.br\/?p=5328"},"modified":"2023-10-25T15:14:24","modified_gmt":"2023-10-25T18:14:24","slug":"jovem-assalta-trailer-no-uruguai-mas-pai-paga-por-objeto-roubado","status":"publish","type":"post","link":"https:\/\/cidadebaixaonline.com.br\/index.php\/2023\/10\/25\/jovem-assalta-trailer-no-uruguai-mas-pai-paga-por-objeto-roubado\/","title":{"rendered":"Jovem assalta trailer no Uruguai, mas pai paga por objeto roubado"},"content":{"rendered":"\n<p>Um assalto foi registrado em um trailer, na noite de segunda-feira, 23, na Travessa Jequitib\u00e1, no bairro do Uruguai, em Salvador. Imagens de c\u00e2meras de seguran\u00e7a mostraram o momento em que um jovem pega o produto no estabelecimento e vai embora sem dar satisfa\u00e7\u00f5es ao vendedor.\u00a0<\/p>\n\n\n\n<p>No v\u00eddeo, o suspeito pelo crime aparece com uma camisa laranja e bon\u00e9 vermelho conversando com o vendedor do estabelecimento. Em contato o pai do funcion\u00e1rio do estabelecimento, Leonardo Fonseca, de 34 anos, relatou a a\u00e7\u00e3o e contou que conhece toda a fam\u00edlia do indiv\u00edduo. Ele relatou ainda que o suspeito seria dependente qu\u00edmico.<\/p>\n\n\n\n<p>&#8220;Meu filho estava trabalhando no trailer na segunda \u00e0 noite, por volta de umas 18 horas, quando esse rapaz chegou. Ele \u00e9 morador do local, conhe\u00e7o o pai dele, conhe\u00e7o a fam\u00edlia dele e s\u00e3o pessoas de bem. Ele \u00e9 dependente qu\u00edmico&#8221;, narrou Leonardo.\u00a0<\/p>\n\n\n\n<p>Em um segundo momento, ele pega uma caixa de som e parece pedir informa\u00e7\u00f5es sobre o produto, como se fosse um cliente interessado na compra. No entanto, o rapaz sai andando com o equipamento em m\u00e3os.&nbsp;<\/p>\n\n\n\n<p>O v\u00eddeo foi divulgado e repercutiu nas redes sociais. Posteriormente, o pai do funcion\u00e1rio e dono do trailer entrou em contato\u00a0para informar que o pai do indiv\u00edduo havia procurado ele e feito o pagamento da caixa de som.\u00a0\u00a0<\/p>\n\n\n\n<p>&#8220;Pegou a caixinha e saiu andando, dizendo que sabia onde ele morava e sabe onde \u00e9 que ele passa para ir para casa todo dia. Entrei em contato com a televis\u00e3o e o pessoal deu apoio. O pai do rapaz me localizou, foi na minha resid\u00eancia e pagou os pertences. Ele pediu desculpas e foi tudo resolvido&#8221;, completou. <\/p>\n\n\n\n<p>Fonte: ATarde <\/p>\n","protected":false},"excerpt":{"rendered":"<p>Um assalto foi registrado em um trailer, na noite de segunda-feira, 23, na Travessa Jequitib\u00e1, no bairro do Uruguai, em Salvador. Imagens de c\u00e2meras de seguran\u00e7a mostraram o momento em que um jovem pega o produto no estabelecimento e vai embora sem dar satisfa\u00e7\u00f5es ao vendedor.\u00a0 No v\u00eddeo, o suspeito pelo crime aparece com uma [&hellip;]<\/p>\n","protected":false},"author":2,"featured_media":5329,"comment_status":"open","ping_status":"open","sticky":false,"template":"","format":"standard","meta":{"jnews-multi-image_gallery":[],"jnews_single_post":{"subtitle":"","format":"standard","video":"","gallery":"","source_name":"","source_url":"","via_name":"","via_url":"","override_template":"0","override":[{"template":"1","single_blog_custom":"","parallax":"1","fullscreen":"1","layout":"right-sidebar","sidebar":"default-sidebar","second_sidebar":"default-sidebar","sticky_sidebar":"1","share_position":"top","share_float_style":"share-monocrhome","show_share_counter":"0","show_view_counter":"0","show_featured":"1","show_post_meta":"1","show_post_author":"0","show_post_author_image":"1","show_post_date":"1","post_date_format":"default","post_date_format_custom":"Y\/m\/d","show_post_category":"1","show_post_reading_time":"0","post_reading_time_wpm":"300","show_zoom_button":"0","zoom_button_out_step":"2","zoom_button_in_step":"3","show_post_tag":"1","show_prev_next_post":"1","show_popup_post":"1","number_popup_post":"1","show_author_box":"0","show_post_related":"0","show_inline_post_related":"0"}],"override_image_size":"0","image_override":[{"single_post_thumbnail_size":"no-crop","single_post_gallery_size":"crop-715"}],"trending_post":"0","trending_post_position":"meta","trending_post_label":"Trending","sponsored_post":"0","sponsored_post_label":"Sponsored by","sponsored_post_name":"","sponsored_post_url":"","sponsored_post_logo_enable":"0","sponsored_post_logo":"","sponsored_post_desc":"","disable_ad":"0"},"jnews_primary_category":{"id":"","hide":""},"footnotes":""},"categories":[105],"tags":[],"class_list":["post-5328","post","type-post","status-publish","format-standard","has-post-thumbnail","hentry","category-policia"],"_links":{"self":[{"href":"https:\/\/cidadebaixaonline.com.br\/index.php\/wp-json\/wp\/v2\/posts\/5328","targetHints":{"allow":["GET"]}}],"collection":[{"href":"https:\/\/cidadebaixaonline.com.br\/index.php\/wp-json\/wp\/v2\/posts"}],"about":[{"href":"https:\/\/cidadebaixaonline.com.br\/index.php\/wp-json\/wp\/v2\/types\/post"}],"author":[{"embeddable":true,"href":"https:\/\/cidadebaixaonline.com.br\/index.php\/wp-json\/wp\/v2\/users\/2"}],"replies":[{"embeddable":true,"href":"https:\/\/cidadebaixaonline.com.br\/index.php\/wp-json\/wp\/v2\/comments?post=5328"}],"version-history":[{"count":1,"href":"https:\/\/cidadebaixaonline.com.br\/index.php\/wp-json\/wp\/v2\/posts\/5328\/revisions"}],"predecessor-version":[{"id":5330,"href":"https:\/\/cidadebaixaonline.com.br\/index.php\/wp-json\/wp\/v2\/posts\/5328\/revisions\/5330"}],"wp:featuredmedia":[{"embeddable":true,"href":"https:\/\/cidadebaixaonline.com.br\/index.php\/wp-json\/wp\/v2\/media\/5329"}],"wp:attachment":[{"href":"https:\/\/cidadebaixaonline.com.br\/index.php\/wp-json\/wp\/v2\/media?parent=5328"}],"wp:term":[{"taxonomy":"category","embeddable":true,"href":"https:\/\/cidadebaixaonline.com.br\/index.php\/wp-json\/wp\/v2\/categories?post=5328"},{"taxonomy":"post_tag","embeddable":true,"href":"https:\/\/cidadebaixaonline.com.br\/index.php\/wp-json\/wp\/v2\/tags?post=5328"}],"curies":[{"name":"wp","href":"https:\/\/api.w.org\/{rel}","templated":true}]}}