{"id":5318,"date":"2023-10-25T14:10:06","date_gmt":"2023-10-25T17:10:06","guid":{"rendered":"https:\/\/cidadebaixaonline.com.br\/?p=5318"},"modified":"2023-10-25T14:10:09","modified_gmt":"2023-10-25T17:10:09","slug":"prefeitura-de-salvador-antecipa-pagamento-de-salario-em-celebracao-ao-dia-do-servidor-publico","status":"publish","type":"post","link":"https:\/\/cidadebaixaonline.com.br\/index.php\/2023\/10\/25\/prefeitura-de-salvador-antecipa-pagamento-de-salario-em-celebracao-ao-dia-do-servidor-publico\/","title":{"rendered":"Prefeitura de Salvador antecipa pagamento de sal\u00e1rio em celebra\u00e7\u00e3o ao Dia do Servidor P\u00fablico"},"content":{"rendered":"\n<p>O prefeito Bruno Reis anunciou na manh\u00e3 desta segunda-feira (25), atrav\u00e9s das redes sociais, que o sal\u00e1rio dos servidores municipais ativos e inativos de Salvador ser\u00e1 pago antecipadamente, na pr\u00f3xima sexta-feira (27), em celebra\u00e7\u00e3o ao Dia do Servidor P\u00fablico, que \u00e9 comemorado no s\u00e1bado (28). O pagamento seria realizado no pr\u00f3ximo dia 31, \u00faltimo dia \u00fatil do m\u00eas.<\/p>\n\n\n\n<p>Al\u00e9m disso, o prefeito anunciou o ponto facultativo para o pr\u00f3ximo dia 3 de novembro (sexta-feira), um dia ap\u00f3s ao Finados (2 de novembro).&nbsp;\u201cAl\u00f4, servidor municipal! Se liga nas novidades em celebra\u00e7\u00e3o ao seu dia. Vamos antecipar o sal\u00e1rio para a pr\u00f3xima sexta-feira (27), e no dia 3 de novembro ser\u00e1 ponto facultativo em nossa cidade. Compartilha nos grupos de zap e avisa pra geral!\u201d, publicou Bruno Reis.<\/p>\n\n\n\n<p>O Governador da Bahia, Jer\u00f4nimo Rodrigues (PT), tamb\u00e9m anunciou, na noite desta ter\u00e7a-feira (24) que vai&nbsp;antecipar o sal\u00e1rio dos 280 mil servidores ativos, inativos e pensionistas&nbsp;referente ao m\u00eas de outubro, em fun\u00e7\u00e3o do dia do Dia do Servidor P\u00fablico Estadual.<\/p>\n\n\n\n<p>Fonte: Bahia Not\u00edcias <\/p>\n","protected":false},"excerpt":{"rendered":"<p>O prefeito Bruno Reis anunciou na manh\u00e3 desta segunda-feira (25), atrav\u00e9s das redes sociais, que o sal\u00e1rio dos servidores municipais ativos e inativos de Salvador ser\u00e1 pago antecipadamente, na pr\u00f3xima sexta-feira (27), em celebra\u00e7\u00e3o ao Dia do Servidor P\u00fablico, que \u00e9 comemorado no s\u00e1bado (28). O pagamento seria realizado no pr\u00f3ximo dia 31, \u00faltimo dia [&hellip;]<\/p>\n","protected":false},"author":2,"featured_media":5319,"comment_status":"open","ping_status":"open","sticky":false,"template":"","format":"standard","meta":{"jnews-multi-image_gallery":[],"jnews_single_post":{"subtitle":"","format":"standard","video":"","gallery":"","source_name":"","source_url":"","via_name":"","via_url":"","override_template":"0","override":[{"template":"1","single_blog_custom":"","parallax":"1","fullscreen":"1","layout":"right-sidebar","sidebar":"default-sidebar","second_sidebar":"default-sidebar","sticky_sidebar":"1","share_position":"top","share_float_style":"share-monocrhome","show_share_counter":"0","show_view_counter":"0","show_featured":"1","show_post_meta":"1","show_post_author":"0","show_post_author_image":"1","show_post_date":"1","post_date_format":"default","post_date_format_custom":"Y\/m\/d","show_post_category":"1","show_post_reading_time":"0","post_reading_time_wpm":"300","show_zoom_button":"0","zoom_button_out_step":"2","zoom_button_in_step":"3","show_post_tag":"1","show_prev_next_post":"1","show_popup_post":"1","number_popup_post":"1","show_author_box":"0","show_post_related":"0","show_inline_post_related":"0"}],"override_image_size":"0","image_override":[{"single_post_thumbnail_size":"no-crop","single_post_gallery_size":"crop-715"}],"trending_post":"0","trending_post_position":"meta","trending_post_label":"Trending","sponsored_post":"0","sponsored_post_label":"Sponsored by","sponsored_post_name":"","sponsored_post_url":"","sponsored_post_logo_enable":"0","sponsored_post_logo":"","sponsored_post_desc":"","disable_ad":"0"},"jnews_primary_category":{"id":"","hide":""},"footnotes":""},"categories":[85],"tags":[],"class_list":["post-5318","post","type-post","status-publish","format-standard","has-post-thumbnail","hentry","category-noticias"],"_links":{"self":[{"href":"https:\/\/cidadebaixaonline.com.br\/index.php\/wp-json\/wp\/v2\/posts\/5318","targetHints":{"allow":["GET"]}}],"collection":[{"href":"https:\/\/cidadebaixaonline.com.br\/index.php\/wp-json\/wp\/v2\/posts"}],"about":[{"href":"https:\/\/cidadebaixaonline.com.br\/index.php\/wp-json\/wp\/v2\/types\/post"}],"author":[{"embeddable":true,"href":"https:\/\/cidadebaixaonline.com.br\/index.php\/wp-json\/wp\/v2\/users\/2"}],"replies":[{"embeddable":true,"href":"https:\/\/cidadebaixaonline.com.br\/index.php\/wp-json\/wp\/v2\/comments?post=5318"}],"version-history":[{"count":1,"href":"https:\/\/cidadebaixaonline.com.br\/index.php\/wp-json\/wp\/v2\/posts\/5318\/revisions"}],"predecessor-version":[{"id":5320,"href":"https:\/\/cidadebaixaonline.com.br\/index.php\/wp-json\/wp\/v2\/posts\/5318\/revisions\/5320"}],"wp:featuredmedia":[{"embeddable":true,"href":"https:\/\/cidadebaixaonline.com.br\/index.php\/wp-json\/wp\/v2\/media\/5319"}],"wp:attachment":[{"href":"https:\/\/cidadebaixaonline.com.br\/index.php\/wp-json\/wp\/v2\/media?parent=5318"}],"wp:term":[{"taxonomy":"category","embeddable":true,"href":"https:\/\/cidadebaixaonline.com.br\/index.php\/wp-json\/wp\/v2\/categories?post=5318"},{"taxonomy":"post_tag","embeddable":true,"href":"https:\/\/cidadebaixaonline.com.br\/index.php\/wp-json\/wp\/v2\/tags?post=5318"}],"curies":[{"name":"wp","href":"https:\/\/api.w.org\/{rel}","templated":true}]}}