{"id":5306,"date":"2023-10-25T11:38:35","date_gmt":"2023-10-25T14:38:35","guid":{"rendered":"https:\/\/cidadebaixaonline.com.br\/?p=5306"},"modified":"2023-10-25T11:38:37","modified_gmt":"2023-10-25T14:38:37","slug":"mais-12-mil-servidores-estaduais-tambem-passarao-a-receber-piso-da-enfermagem","status":"publish","type":"post","link":"https:\/\/cidadebaixaonline.com.br\/index.php\/2023\/10\/25\/mais-12-mil-servidores-estaduais-tambem-passarao-a-receber-piso-da-enfermagem\/","title":{"rendered":"Mais 1,2 mil servidores estaduais tamb\u00e9m passar\u00e3o a receber piso da enfermagem"},"content":{"rendered":"\n<p>Mais 1.247 servidores estaduais entre efetivos e contratados mediante Regime Especial de Direito Administrativo (Reda) passar\u00e3o a receber o Piso da Enfermagem, institu\u00eddo pela Lei Federal n\u00ba 14.434\/2022 para o chamado Grupo da Enfermagem, composto por enfermeiros, t\u00e9cnicos, auxiliares e parteiras.<\/p>\n\n\n\n<p>O aumento no n\u00famero de profissionais que passam a receber o piso se d\u00e1 por uma evolu\u00e7\u00e3o no entendimento da Procuradoria Geral do Estado (PGE) quanto a composi\u00e7\u00e3o do piso, que deve contabilizar o Vencimento e a Gratifica\u00e7\u00e3o de Incentivo ao Desempenho (GID) M\u00ednima (parte fixa, geral e permanente) dos trabalhadores, cujo valor \u00e9 definido por Lei.<\/p>\n\n\n\n<p>A Secretaria da Sa\u00fade do Estado da Bahia (Sesab) j\u00e1 realizou os ajustes necess\u00e1rios para que o pagamento atualizado seja conste na folha de outubro\/2023, com pagamento previsto para o dia 31. A nova medida tamb\u00e9m impactar\u00e1 em alguns servidores que j\u00e1 receberam, em setembro, as parcelas do piso retroativas a de maio a agosto, e que receber\u00e3o um valor maior a partir de outubro.<\/p>\n\n\n\n<p>Fonte: TRBN <\/p>\n","protected":false},"excerpt":{"rendered":"<p>Mais 1.247 servidores estaduais entre efetivos e contratados mediante Regime Especial de Direito Administrativo (Reda) passar\u00e3o a receber o Piso da Enfermagem, institu\u00eddo pela Lei Federal n\u00ba 14.434\/2022 para o chamado Grupo da Enfermagem, composto por enfermeiros, t\u00e9cnicos, auxiliares e parteiras. O aumento no n\u00famero de profissionais que passam a receber o piso se d\u00e1 [&hellip;]<\/p>\n","protected":false},"author":2,"featured_media":5307,"comment_status":"open","ping_status":"open","sticky":false,"template":"","format":"standard","meta":{"jnews-multi-image_gallery":[],"jnews_single_post":{"subtitle":"","format":"standard","video":"","gallery":"","source_name":"","source_url":"","via_name":"","via_url":"","override_template":"0","override":[{"template":"1","single_blog_custom":"","parallax":"1","fullscreen":"1","layout":"right-sidebar","sidebar":"default-sidebar","second_sidebar":"default-sidebar","sticky_sidebar":"1","share_position":"top","share_float_style":"share-monocrhome","show_share_counter":"0","show_view_counter":"0","show_featured":"1","show_post_meta":"1","show_post_author":"0","show_post_author_image":"1","show_post_date":"1","post_date_format":"default","post_date_format_custom":"Y\/m\/d","show_post_category":"1","show_post_reading_time":"0","post_reading_time_wpm":"300","show_zoom_button":"0","zoom_button_out_step":"2","zoom_button_in_step":"3","show_post_tag":"1","show_prev_next_post":"1","show_popup_post":"1","number_popup_post":"1","show_author_box":"0","show_post_related":"0","show_inline_post_related":"0"}],"override_image_size":"0","image_override":[{"single_post_thumbnail_size":"no-crop","single_post_gallery_size":"crop-715"}],"trending_post":"0","trending_post_position":"meta","trending_post_label":"Trending","sponsored_post":"0","sponsored_post_label":"Sponsored by","sponsored_post_name":"","sponsored_post_url":"","sponsored_post_logo_enable":"0","sponsored_post_logo":"","sponsored_post_desc":"","disable_ad":"0"},"jnews_primary_category":{"id":"","hide":""},"footnotes":""},"categories":[94],"tags":[],"class_list":["post-5306","post","type-post","status-publish","format-standard","has-post-thumbnail","hentry","category-saude-2"],"_links":{"self":[{"href":"https:\/\/cidadebaixaonline.com.br\/index.php\/wp-json\/wp\/v2\/posts\/5306","targetHints":{"allow":["GET"]}}],"collection":[{"href":"https:\/\/cidadebaixaonline.com.br\/index.php\/wp-json\/wp\/v2\/posts"}],"about":[{"href":"https:\/\/cidadebaixaonline.com.br\/index.php\/wp-json\/wp\/v2\/types\/post"}],"author":[{"embeddable":true,"href":"https:\/\/cidadebaixaonline.com.br\/index.php\/wp-json\/wp\/v2\/users\/2"}],"replies":[{"embeddable":true,"href":"https:\/\/cidadebaixaonline.com.br\/index.php\/wp-json\/wp\/v2\/comments?post=5306"}],"version-history":[{"count":1,"href":"https:\/\/cidadebaixaonline.com.br\/index.php\/wp-json\/wp\/v2\/posts\/5306\/revisions"}],"predecessor-version":[{"id":5308,"href":"https:\/\/cidadebaixaonline.com.br\/index.php\/wp-json\/wp\/v2\/posts\/5306\/revisions\/5308"}],"wp:featuredmedia":[{"embeddable":true,"href":"https:\/\/cidadebaixaonline.com.br\/index.php\/wp-json\/wp\/v2\/media\/5307"}],"wp:attachment":[{"href":"https:\/\/cidadebaixaonline.com.br\/index.php\/wp-json\/wp\/v2\/media?parent=5306"}],"wp:term":[{"taxonomy":"category","embeddable":true,"href":"https:\/\/cidadebaixaonline.com.br\/index.php\/wp-json\/wp\/v2\/categories?post=5306"},{"taxonomy":"post_tag","embeddable":true,"href":"https:\/\/cidadebaixaonline.com.br\/index.php\/wp-json\/wp\/v2\/tags?post=5306"}],"curies":[{"name":"wp","href":"https:\/\/api.w.org\/{rel}","templated":true}]}}