{"id":5302,"date":"2023-10-25T11:33:40","date_gmt":"2023-10-25T14:33:40","guid":{"rendered":"https:\/\/cidadebaixaonline.com.br\/?p=5302"},"modified":"2023-10-25T11:33:41","modified_gmt":"2023-10-25T14:33:41","slug":"baianos-sentem-impactos-das-ondas-de-calor-no-estado","status":"publish","type":"post","link":"https:\/\/cidadebaixaonline.com.br\/index.php\/2023\/10\/25\/baianos-sentem-impactos-das-ondas-de-calor-no-estado\/","title":{"rendered":"Baianos sentem impactos das ondas de calor no estado"},"content":{"rendered":"\n<p>A chegada da primavera trouxe para diversos munic\u00edpios baianos um fen\u00f4meno que promete ser cada vez mais constante. Apesar do costume com as altas temperaturas, a popula\u00e7\u00e3o sofreu com as consequ\u00eancias das ondas de calor, que afetaram 158 cidades baianas no final do m\u00eas de setembro. O mun\u00edcipio de\u00a0Bom Jesus da Lapa, localizado a\u00a0532 KM de Salvador,\u00a0figurou entre as maiores temperaturas m\u00e1ximas do pa\u00eds no per\u00edodo, ao bater\u00a041,6 \u00b0 C no \u00faltimo dia 26, nono maior resultado no \u00e2mbito nacional. Os dados s\u00e3o do\u00a0Instituto Nacional de Meteorologia (Inmet).<\/p>\n\n\n\n<p>O alerta para temperaturas extremas, acionado quando existe uma vara\u00e7\u00e3o de 5\u00baC acima da m\u00e9dia local para determinado per\u00edodo, causa preocupa\u00e7\u00e3o at\u00e9 para o estimado ver\u00e3o da Bahia. Em contato com especialistas sobre o assunto para saber as principais consequ\u00eancias para a popula\u00e7\u00e3o e as causas respons\u00e1veis pelas ondas de calor, que segundo os pesquisadores, podem acontecer de forma mais frequente com o avan\u00e7o do aquecimento global.<\/p>\n\n\n\n<p>Meteorologistas da Defesa Civil de Salvador (Codesal), Laurizio Alves e Giuliano Carlos afirmaram que o aumento da temperatura, al\u00e9m de estar ligado com a chegada da primavera, tamb\u00e9m \u00e9 consequ\u00eancia da presen\u00e7a do El Ni\u00f1o, provocado pela desacelera\u00e7\u00e3o dos ventos no Oceano Pac\u00edfico, que pode desencadear fortes chuvas em determinadas regi\u00f5es, ondas de calor e secas em outras. Esse fen\u00f4meno pode causar um efeito devastador nas colheitas de pa\u00edses como Brasil e Indon\u00e9sia.\u00a0<\/p>\n\n\n\n<p>&#8220;O m\u00eas de outubro \u00e9 conhecido por ser tipicamente quente, com registros de temperaturas mais elevadas em grande parte do pa\u00eds. Neste ano, a presen\u00e7a do El Ni\u00f1o contribuir\u00e1 para aumentar a temperatura, por isso, pode ocorrer onda de calor. Para Salvador a previs\u00e3o \u00e9 de temperaturas mais elevadas, mas n\u00e3o deve chegar a ser uma onda de calor&#8221;, afirmaram os meteorologistas.<\/p>\n\n\n<div class=\"wp-block-image\">\n<figure class=\"aligncenter size-large\"><img loading=\"lazy\" decoding=\"async\" width=\"1024\" height=\"684\" src=\"https:\/\/cidadebaixaonline.com.br\/wp-content\/uploads\/2023\/10\/image-8-1024x684.png\" alt=\"\" class=\"wp-image-5304\" srcset=\"https:\/\/cidadebaixaonline.com.br\/wp-content\/uploads\/2023\/10\/image-8-1024x684.png 1024w, https:\/\/cidadebaixaonline.com.br\/wp-content\/uploads\/2023\/10\/image-8-300x201.png 300w, https:\/\/cidadebaixaonline.com.br\/wp-content\/uploads\/2023\/10\/image-8-768x513.png 768w, https:\/\/cidadebaixaonline.com.br\/wp-content\/uploads\/2023\/10\/image-8.png 1200w\" sizes=\"auto, (max-width: 1024px) 100vw, 1024px\" \/><\/figure><\/div>\n\n\n<p>Os especialistas explicam que as ondas de calor s\u00e3o formadas por meio desses bloqueios atmosf\u00e9ricos, que impedem os sistemas formadores de chuva e s\u00e3o elevados por uma massa de ar quente e seca capaz de elevar a temperatura local.&nbsp;<\/p>\n\n\n\n<p>&#8220;Conforme a Organiza\u00e7\u00e3o Meteorol\u00f3gica Mundial, as ondas de calor s\u00e3o caracterizadas pelo aumento anormal das temperaturas, com temperatura m\u00e1xima di\u00e1ria 5 \u00b0C acima da m\u00e9dia climatol\u00f3gica, a qual deve ocorrer em, no m\u00ednimo, seis dias consecutivos. Por\u00e9m, alguns cientistas\/pesquisadores podem adotar n\u00famero menor de dias, 3 a 5 dias, com temperatura m\u00e1xima di\u00e1ria 3 \u00b0C acima da m\u00e9dia climatol\u00f3gica&#8221;, explicam.<\/p>\n\n\n\n<p>Al\u00e9m da sensa\u00e7\u00e3o de calor, que \u00e9 sentida pela popula\u00e7\u00e3o, os efeitos deste fen\u00f4meno podem provocar outras consequ\u00eancias, como inc\u00eandios florestais, perda da produtividade agr\u00edcola e pecu\u00e1ria, desabastecimento de reservat\u00f3rios e perda de produtividade das usinas hidrel\u00e9tricas. Para a popula\u00e7\u00e3o, o risco de desidrata\u00e7\u00e3o e queimaduras tamb\u00e9m s\u00e3o elevados.\u00a0<\/p>\n\n\n\n<p>&#8220;As ondas de calor provocam tempo mais est\u00e1veis, sem chuvas. Por\u00e9m, associado a isto ocorre a redu\u00e7\u00e3o da umidade e nebulosidade. Al\u00e9m disso, ocorre a intensifica\u00e7\u00e3o da radia\u00e7\u00e3o e eleva\u00e7\u00e3o da temperatura m\u00e9dia local. Como consequ\u00eancia, casos de comorbidades e mortalidade devido ao desconforto t\u00e9rmico s\u00e3o comuns, sendo os mais afetados: idosos, crian\u00e7as, doentes\/acamados, regi\u00f5es com alta densidade populacional e \u00e1reas com pouca ou nenhuma vegeta\u00e7\u00e3o&#8221;, avaliam os meteorologistas.&nbsp;<\/p>\n\n\n\n<p>A dermatologista Mar\u00edlia Acioli chama aten\u00e7\u00e3o para os cuidados que a popula\u00e7\u00e3o deve ter diante de temperaturas extremas. Ela destaca a necessidade de utiliza\u00e7\u00e3o de protetor solar, de aumentar a propor\u00e7\u00e3o de \u00e1reas cobertas no corpo e de se manter hidratado para passar pelas ondas de calor evitando problemas graves.&nbsp;<\/p>\n\n\n\n<p>&#8220;Ingerir bastante \u00e1gua, n\u00e3o ceder a consequ\u00eancia \u00f3bvia, que \u00e9 n\u00e3o se expor mais ao sol neste per\u00edodo e caso se exponha, usar protetores, tanto protetor solar nas \u00e1reas descobertas, como tamb\u00e9m aumentar a propor\u00e7\u00e3o de \u00e1reas cobertas com roupas, que podem ser UV ou at\u00e9 roupas comuns, elas tamb\u00e9m v\u00e3o proteger a pele da temperatura solar. Evitar ficar em ambientes muito quentes por muitos per\u00edodos, preferir locais ventilados&#8221;, explica.&nbsp;<\/p>\n\n\n\n<p>Acioli faz um alerta importante sobre a utiliza\u00e7\u00e3o de sabonete na hora do banho. De acordo com a dermatologista, o excesso pode causar ressecamento na pele e at\u00e9 coceira. &#8220;Lembrar que o aumento do calor n\u00e3o tem necessariamente a ver com o aumento da quantidade de banhos, porque se a pessoa usa muito sabonete na pele, a tend\u00eancia \u00e9 a pele ficar mais ressecada, ent\u00e3o \u00e9 uma coisa muito importante que pode acontecer em momentos de mais calor&#8221;, pontua.\u00a0<\/p>\n\n\n\n<p>Entre as popula\u00e7\u00f5es de risco, que exigem um cuidado maior diante de temperaturas extremas, est\u00e3o as crian\u00e7as menores de dois anos, abaixo de seis meses e os idosos. Mar\u00edlia Acioli explica que este p\u00fablico tem um controle menos efetivo da temperatura do corpo e uma pele que permite a passagem de \u00e1gua com mais facilidade, desidratando com maior velocidade.<\/p>\n\n\n\n<p>&#8220;Nesses momentos de muito calor, lembrar de hidratar bastante as crian\u00e7as e os idosos. Nos idosos existe uma menor percep\u00e7\u00e3o da sede, eles tendem a ingerir menos \u00e1gua. Lembrar que crian\u00e7a menor de seis meses n\u00e3o deve ser exposta ao sol&#8221;, pontua.\u00a0<\/p>\n\n\n\n<p>Fonte: ATarde <\/p>\n","protected":false},"excerpt":{"rendered":"<p>A chegada da primavera trouxe para diversos munic\u00edpios baianos um fen\u00f4meno que promete ser cada vez mais constante. Apesar do costume com as altas temperaturas, a popula\u00e7\u00e3o sofreu com as consequ\u00eancias das ondas de calor, que afetaram 158 cidades baianas no final do m\u00eas de setembro. O mun\u00edcipio de\u00a0Bom Jesus da Lapa, localizado a\u00a0532 KM [&hellip;]<\/p>\n","protected":false},"author":2,"featured_media":5303,"comment_status":"open","ping_status":"open","sticky":false,"template":"","format":"standard","meta":{"jnews-multi-image_gallery":[],"jnews_single_post":{"subtitle":"","format":"standard","video":"","gallery":"","source_name":"","source_url":"","via_name":"","via_url":"","override_template":"0","override":[{"template":"1","single_blog_custom":"","parallax":"1","fullscreen":"1","layout":"right-sidebar","sidebar":"default-sidebar","second_sidebar":"default-sidebar","sticky_sidebar":"1","share_position":"top","share_float_style":"share-monocrhome","show_share_counter":"0","show_view_counter":"0","show_featured":"1","show_post_meta":"1","show_post_author":"0","show_post_author_image":"1","show_post_date":"1","post_date_format":"default","post_date_format_custom":"Y\/m\/d","show_post_category":"1","show_post_reading_time":"0","post_reading_time_wpm":"300","show_zoom_button":"0","zoom_button_out_step":"2","zoom_button_in_step":"3","show_post_tag":"1","show_prev_next_post":"1","show_popup_post":"1","number_popup_post":"1","show_author_box":"0","show_post_related":"0","show_inline_post_related":"0"}],"override_image_size":"0","image_override":[{"single_post_thumbnail_size":"no-crop","single_post_gallery_size":"crop-715"}],"trending_post":"0","trending_post_position":"meta","trending_post_label":"Trending","sponsored_post":"0","sponsored_post_label":"Sponsored by","sponsored_post_name":"","sponsored_post_url":"","sponsored_post_logo_enable":"0","sponsored_post_logo":"","sponsored_post_desc":"","disable_ad":"0"},"jnews_primary_category":{"id":"","hide":""},"footnotes":""},"categories":[97],"tags":[],"class_list":["post-5302","post","type-post","status-publish","format-standard","has-post-thumbnail","hentry","category-previsao"],"_links":{"self":[{"href":"https:\/\/cidadebaixaonline.com.br\/index.php\/wp-json\/wp\/v2\/posts\/5302","targetHints":{"allow":["GET"]}}],"collection":[{"href":"https:\/\/cidadebaixaonline.com.br\/index.php\/wp-json\/wp\/v2\/posts"}],"about":[{"href":"https:\/\/cidadebaixaonline.com.br\/index.php\/wp-json\/wp\/v2\/types\/post"}],"author":[{"embeddable":true,"href":"https:\/\/cidadebaixaonline.com.br\/index.php\/wp-json\/wp\/v2\/users\/2"}],"replies":[{"embeddable":true,"href":"https:\/\/cidadebaixaonline.com.br\/index.php\/wp-json\/wp\/v2\/comments?post=5302"}],"version-history":[{"count":1,"href":"https:\/\/cidadebaixaonline.com.br\/index.php\/wp-json\/wp\/v2\/posts\/5302\/revisions"}],"predecessor-version":[{"id":5305,"href":"https:\/\/cidadebaixaonline.com.br\/index.php\/wp-json\/wp\/v2\/posts\/5302\/revisions\/5305"}],"wp:featuredmedia":[{"embeddable":true,"href":"https:\/\/cidadebaixaonline.com.br\/index.php\/wp-json\/wp\/v2\/media\/5303"}],"wp:attachment":[{"href":"https:\/\/cidadebaixaonline.com.br\/index.php\/wp-json\/wp\/v2\/media?parent=5302"}],"wp:term":[{"taxonomy":"category","embeddable":true,"href":"https:\/\/cidadebaixaonline.com.br\/index.php\/wp-json\/wp\/v2\/categories?post=5302"},{"taxonomy":"post_tag","embeddable":true,"href":"https:\/\/cidadebaixaonline.com.br\/index.php\/wp-json\/wp\/v2\/tags?post=5302"}],"curies":[{"name":"wp","href":"https:\/\/api.w.org\/{rel}","templated":true}]}}