{"id":5299,"date":"2023-10-25T11:17:22","date_gmt":"2023-10-25T14:17:22","guid":{"rendered":"https:\/\/cidadebaixaonline.com.br\/?p=5299"},"modified":"2023-10-25T11:17:24","modified_gmt":"2023-10-25T14:17:24","slug":"nao-chegamos-ao-entendimento-da-diferenca-da-tarifa-diz-bruno-reis","status":"publish","type":"post","link":"https:\/\/cidadebaixaonline.com.br\/index.php\/2023\/10\/25\/nao-chegamos-ao-entendimento-da-diferenca-da-tarifa-diz-bruno-reis\/","title":{"rendered":"&#8220;N\u00e3o chegamos ao entendimento da diferen\u00e7a da tarifa\u201d, diz Bruno Reis"},"content":{"rendered":"\n<p>O longo processo de revis\u00e3o tarif\u00e1ria do transporte p\u00fablico de Salvador, conduzido pela Arsal (Ag\u00eancia Reguladora e Fiscalizadora dos Servi\u00e7os P\u00fablicos de Salvador), pode resultar em aumento no valor da tarifa para os usu\u00e1rios de \u00f4nibus. Nesta ter\u00e7a-feira, 24, o prefeito Bruno Reis (Uni\u00e3o Brasil) lembrou que o reajuste deveria acontecer ainda neste ano, mas at\u00e9 agora, em outubro, n\u00e3o foi realizada.<\/p>\n\n\n\n<p>\u201cVai haver diferen\u00e7a entre tarifa real e a tarifa que a popula\u00e7\u00e3o vai pagar\u201d disse Bruno Reis, em entrevista \u00e0 R\u00e1dio Metr\u00f3pole. \u201cTodo ano tem reajuste. Esse \u00e9 o primeiro ano que n\u00e3o tem. [\u2026] O contrato prev\u00ea a revis\u00e3o tarif\u00e1ria a cada quatro anos, mas ainda n\u00e3o chegamos ao entendimento final da diferen\u00e7a da tarifa\u201d, acrescentou.<\/p>\n\n\n\n<p>Na entrevista, Bruno Reis voltou a cobrar o governo federal por um subs\u00eddio para custear a tarifa. Em declara\u00e7\u00f5es anteriores, ele declarou que a\u00a0prefeitura de Salvador ter\u00e1 que assumir parte do valor. Ou seja, sem especificar se mesmo com subs\u00eddio municipal, a tarifa ficaria maior do que os atuais R$ 4,90.<\/p>\n\n\n\n<p>&#8220;Ap\u00f3s discuss\u00e3o sobre revis\u00e3o tarif\u00e1ria, a prefeitura vai ter que assumir, como vem assumindo nos \u00faltimos anos, parte do valor da tarifa&#8221;, afirmou Bruno Reis. &#8220;N\u00e3o h\u00e1 outro caminho. Estamos concluindo essas discuss\u00f5es&#8221;, falou na ocasi\u00e3o.<\/p>\n\n\n\n<p>Fonte: ATarde <\/p>\n","protected":false},"excerpt":{"rendered":"<p>O longo processo de revis\u00e3o tarif\u00e1ria do transporte p\u00fablico de Salvador, conduzido pela Arsal (Ag\u00eancia Reguladora e Fiscalizadora dos Servi\u00e7os P\u00fablicos de Salvador), pode resultar em aumento no valor da tarifa para os usu\u00e1rios de \u00f4nibus. Nesta ter\u00e7a-feira, 24, o prefeito Bruno Reis (Uni\u00e3o Brasil) lembrou que o reajuste deveria acontecer ainda neste ano, mas [&hellip;]<\/p>\n","protected":false},"author":2,"featured_media":5300,"comment_status":"open","ping_status":"open","sticky":false,"template":"","format":"standard","meta":{"jnews-multi-image_gallery":[],"jnews_single_post":{"subtitle":"","format":"standard","video":"","gallery":"","source_name":"","source_url":"","via_name":"","via_url":"","override_template":"0","override":[{"template":"1","single_blog_custom":"","parallax":"1","fullscreen":"1","layout":"right-sidebar","sidebar":"default-sidebar","second_sidebar":"default-sidebar","sticky_sidebar":"1","share_position":"top","share_float_style":"share-monocrhome","show_share_counter":"0","show_view_counter":"0","show_featured":"1","show_post_meta":"1","show_post_author":"0","show_post_author_image":"1","show_post_date":"1","post_date_format":"default","post_date_format_custom":"Y\/m\/d","show_post_category":"1","show_post_reading_time":"0","post_reading_time_wpm":"300","show_zoom_button":"0","zoom_button_out_step":"2","zoom_button_in_step":"3","show_post_tag":"1","show_prev_next_post":"1","show_popup_post":"1","number_popup_post":"1","show_author_box":"0","show_post_related":"0","show_inline_post_related":"0"}],"override_image_size":"0","image_override":[{"single_post_thumbnail_size":"no-crop","single_post_gallery_size":"crop-715"}],"trending_post":"0","trending_post_position":"meta","trending_post_label":"Trending","sponsored_post":"0","sponsored_post_label":"Sponsored by","sponsored_post_name":"","sponsored_post_url":"","sponsored_post_logo_enable":"0","sponsored_post_logo":"","sponsored_post_desc":"","disable_ad":"0"},"jnews_primary_category":{"id":"","hide":""},"footnotes":""},"categories":[91],"tags":[],"class_list":["post-5299","post","type-post","status-publish","format-standard","has-post-thumbnail","hentry","category-politica"],"_links":{"self":[{"href":"https:\/\/cidadebaixaonline.com.br\/index.php\/wp-json\/wp\/v2\/posts\/5299","targetHints":{"allow":["GET"]}}],"collection":[{"href":"https:\/\/cidadebaixaonline.com.br\/index.php\/wp-json\/wp\/v2\/posts"}],"about":[{"href":"https:\/\/cidadebaixaonline.com.br\/index.php\/wp-json\/wp\/v2\/types\/post"}],"author":[{"embeddable":true,"href":"https:\/\/cidadebaixaonline.com.br\/index.php\/wp-json\/wp\/v2\/users\/2"}],"replies":[{"embeddable":true,"href":"https:\/\/cidadebaixaonline.com.br\/index.php\/wp-json\/wp\/v2\/comments?post=5299"}],"version-history":[{"count":1,"href":"https:\/\/cidadebaixaonline.com.br\/index.php\/wp-json\/wp\/v2\/posts\/5299\/revisions"}],"predecessor-version":[{"id":5301,"href":"https:\/\/cidadebaixaonline.com.br\/index.php\/wp-json\/wp\/v2\/posts\/5299\/revisions\/5301"}],"wp:featuredmedia":[{"embeddable":true,"href":"https:\/\/cidadebaixaonline.com.br\/index.php\/wp-json\/wp\/v2\/media\/5300"}],"wp:attachment":[{"href":"https:\/\/cidadebaixaonline.com.br\/index.php\/wp-json\/wp\/v2\/media?parent=5299"}],"wp:term":[{"taxonomy":"category","embeddable":true,"href":"https:\/\/cidadebaixaonline.com.br\/index.php\/wp-json\/wp\/v2\/categories?post=5299"},{"taxonomy":"post_tag","embeddable":true,"href":"https:\/\/cidadebaixaonline.com.br\/index.php\/wp-json\/wp\/v2\/tags?post=5299"}],"curies":[{"name":"wp","href":"https:\/\/api.w.org\/{rel}","templated":true}]}}