{"id":5296,"date":"2023-10-25T11:03:40","date_gmt":"2023-10-25T14:03:40","guid":{"rendered":"https:\/\/cidadebaixaonline.com.br\/?p=5296"},"modified":"2023-10-25T11:03:41","modified_gmt":"2023-10-25T14:03:41","slug":"indicados-ao-stj-serao-sabatinados-nesta-quarta-feira-no-senado","status":"publish","type":"post","link":"https:\/\/cidadebaixaonline.com.br\/index.php\/2023\/10\/25\/indicados-ao-stj-serao-sabatinados-nesta-quarta-feira-no-senado\/","title":{"rendered":"Indicados ao STJ ser\u00e3o sabatinados nesta quarta-feira no Senado"},"content":{"rendered":"\n<p>Os tr\u00eas nomes indicados pelo presidente Luiz In\u00e1cio Lula da Silva (PT) para assumir o cargo de ministro do Superior Tribunal de Justi\u00e7a (STJ) ser\u00e3o sabatinados pela Comiss\u00e3o de Constitui\u00e7\u00e3o e Justi\u00e7a (CCJ) do Senado nesta quarta-feira (25).&nbsp;<\/p>\n\n\n\n<p>Foram indicados ao posto a advogada Daniela Teixeira e os desembargadores do Tribunal de Justi\u00e7a do Cear\u00e1 (TJ-CE), Teodoro Silva Santos, e do Tribunal de Justi\u00e7a de Minas Gerais (TJ-MG), Jos\u00e9 Afr\u00e2nio Vilela.<\/p>\n\n\n\n<p>Daniela Rodrigues Teixeira foi indicada na vaga destinada \u00e0 advocacia no STJ. Ela dever\u00e1 assumir a vaga aberta com a aposentadoria do ministro Felix Fischer. Essa n\u00e3o \u00e9 a primeira vez que Teixeira \u00e9 indicada para um tribunal superior. Em 2019, ela foi escolhida por unanimidade, pelos ministros do Supremo Tribunal Federal (STF), para compor a lista tr\u00edplice do Tribunal Superior Eleitoral (TSE), na vaga destinada a jurista.<\/p>\n\n\n\n<p>O desembargador Teodoro Silva Santos pleiteia a vaga decorrente da aposentadoria do ministro Jorge Mussi. J\u00e1 Jos\u00e9 Afr\u00e2nio Vilela deve ficar com a cadeira antes ocupada pelo falecido ministro Paulo de Tarso Vieira Sanseverino.<\/p>\n\n\n\n<p>RITO<\/p>\n\n\n\n<p>Cada sabatina ter\u00e1 um relator. O senador Omar Aziz (PSD-AM) ser\u00e1 o relator da indica\u00e7\u00e3o de Daniela Teixeira; Augusta Brito (PT-CE) \u00e9 relatora da indica\u00e7\u00e3o de Teodoro Silva Santos e Carlos Viana (Podemos-MG), da de Jos\u00e9 Afr\u00e2nio Vilela.<\/p>\n\n\n\n<p>Cada senador ter\u00e1 10 minutos para fazer perguntas aos indicados, que ter\u00e3o tamb\u00e9m o tempo de 10 minutos para resposta. Ainda h\u00e1 direito para r\u00e9plica e tr\u00e9plica. Somente depois dos questionamentos \u00e9 que a CCJ votar\u00e1 o relat\u00f3rio das indica\u00e7\u00f5es, separadamente. A vota\u00e7\u00e3o \u00e9 secreta e \u00e9 necess\u00e1rio obter a maioria simples dos votos para aprova\u00e7\u00e3o \u2013 a CCJ tem 27 membros.&nbsp;<\/p>\n\n\n\n<p>Ap\u00f3s a aprova\u00e7\u00e3o na comiss\u00e3o, os nomes s\u00e3o colocados para avalia\u00e7\u00e3o do plen\u00e1rio do Senado, onde \u00e9 preciso conquistar 41 votos a favor.\u00a0<\/p>\n\n\n\n<p>Fonte: Bahia Not\u00edcias <\/p>\n","protected":false},"excerpt":{"rendered":"<p>Os tr\u00eas nomes indicados pelo presidente Luiz In\u00e1cio Lula da Silva (PT) para assumir o cargo de ministro do Superior Tribunal de Justi\u00e7a (STJ) ser\u00e3o sabatinados pela Comiss\u00e3o de Constitui\u00e7\u00e3o e Justi\u00e7a (CCJ) do Senado nesta quarta-feira (25).&nbsp; Foram indicados ao posto a advogada Daniela Teixeira e os desembargadores do Tribunal de Justi\u00e7a do Cear\u00e1 [&hellip;]<\/p>\n","protected":false},"author":2,"featured_media":5297,"comment_status":"open","ping_status":"open","sticky":false,"template":"","format":"standard","meta":{"jnews-multi-image_gallery":[],"jnews_single_post":{"subtitle":"","format":"standard","video":"","gallery":"","source_name":"","source_url":"","via_name":"","via_url":"","override_template":"0","override":[{"template":"1","single_blog_custom":"","parallax":"1","fullscreen":"1","layout":"right-sidebar","sidebar":"default-sidebar","second_sidebar":"default-sidebar","sticky_sidebar":"1","share_position":"top","share_float_style":"share-monocrhome","show_share_counter":"0","show_view_counter":"0","show_featured":"1","show_post_meta":"1","show_post_author":"0","show_post_author_image":"1","show_post_date":"1","post_date_format":"default","post_date_format_custom":"Y\/m\/d","show_post_category":"1","show_post_reading_time":"0","post_reading_time_wpm":"300","show_zoom_button":"0","zoom_button_out_step":"2","zoom_button_in_step":"3","show_post_tag":"1","show_prev_next_post":"1","show_popup_post":"1","number_popup_post":"1","show_author_box":"0","show_post_related":"0","show_inline_post_related":"0"}],"override_image_size":"0","image_override":[{"single_post_thumbnail_size":"no-crop","single_post_gallery_size":"crop-715"}],"trending_post":"0","trending_post_position":"meta","trending_post_label":"Trending","sponsored_post":"0","sponsored_post_label":"Sponsored by","sponsored_post_name":"","sponsored_post_url":"","sponsored_post_logo_enable":"0","sponsored_post_logo":"","sponsored_post_desc":"","disable_ad":"0"},"jnews_primary_category":{"id":"","hide":""},"footnotes":""},"categories":[107],"tags":[],"class_list":["post-5296","post","type-post","status-publish","format-standard","has-post-thumbnail","hentry","category-justica"],"_links":{"self":[{"href":"https:\/\/cidadebaixaonline.com.br\/index.php\/wp-json\/wp\/v2\/posts\/5296","targetHints":{"allow":["GET"]}}],"collection":[{"href":"https:\/\/cidadebaixaonline.com.br\/index.php\/wp-json\/wp\/v2\/posts"}],"about":[{"href":"https:\/\/cidadebaixaonline.com.br\/index.php\/wp-json\/wp\/v2\/types\/post"}],"author":[{"embeddable":true,"href":"https:\/\/cidadebaixaonline.com.br\/index.php\/wp-json\/wp\/v2\/users\/2"}],"replies":[{"embeddable":true,"href":"https:\/\/cidadebaixaonline.com.br\/index.php\/wp-json\/wp\/v2\/comments?post=5296"}],"version-history":[{"count":1,"href":"https:\/\/cidadebaixaonline.com.br\/index.php\/wp-json\/wp\/v2\/posts\/5296\/revisions"}],"predecessor-version":[{"id":5298,"href":"https:\/\/cidadebaixaonline.com.br\/index.php\/wp-json\/wp\/v2\/posts\/5296\/revisions\/5298"}],"wp:featuredmedia":[{"embeddable":true,"href":"https:\/\/cidadebaixaonline.com.br\/index.php\/wp-json\/wp\/v2\/media\/5297"}],"wp:attachment":[{"href":"https:\/\/cidadebaixaonline.com.br\/index.php\/wp-json\/wp\/v2\/media?parent=5296"}],"wp:term":[{"taxonomy":"category","embeddable":true,"href":"https:\/\/cidadebaixaonline.com.br\/index.php\/wp-json\/wp\/v2\/categories?post=5296"},{"taxonomy":"post_tag","embeddable":true,"href":"https:\/\/cidadebaixaonline.com.br\/index.php\/wp-json\/wp\/v2\/tags?post=5296"}],"curies":[{"name":"wp","href":"https:\/\/api.w.org\/{rel}","templated":true}]}}