{"id":5278,"date":"2023-10-25T10:13:12","date_gmt":"2023-10-25T13:13:12","guid":{"rendered":"https:\/\/cidadebaixaonline.com.br\/?p=5278"},"modified":"2023-10-25T10:13:13","modified_gmt":"2023-10-25T13:13:13","slug":"saude-convoca-beneficiarios-para-acompanhamento-obrigatorio","status":"publish","type":"post","link":"https:\/\/cidadebaixaonline.com.br\/index.php\/2023\/10\/25\/saude-convoca-beneficiarios-para-acompanhamento-obrigatorio\/","title":{"rendered":"Sa\u00fade convoca benefici\u00e1rios para acompanhamento obrigat\u00f3rio"},"content":{"rendered":"\n<p>A Secretaria Municipal da Sa\u00fade convoca os benefici\u00e1rios do&nbsp;programa Bolsa Fam\u00edlia, em Salvador, para o acompanhamento dos cuidados b\u00e1sicos de sa\u00fade obrigat\u00f3rios. A a\u00e7\u00e3o segue at\u00e9 o dia 28 de dezembro e quem n\u00e3o realizar o procedimento poder\u00e1 ter o benef\u00edcio cancelado.<\/p>\n\n\n\n<p>Segundo informa\u00e7\u00f5es da&nbsp;Secretaria Municipal da Sa\u00fade, apenas 30% dos contemplados compareceram as unidades de sa\u00fade para a vig\u00eancia neste segundo semestre.<\/p>\n\n\n\n<p>Ao todo, mais de 218 mil fam\u00edlias est\u00e3o com o acompanhamento obrigat\u00f3rio pendente. Os benefici\u00e1rios devem buscar os postos de sa\u00fade para realizar o acompanhamento.<\/p>\n\n\n\n<p>A perman\u00eancia das fam\u00edlias como benefici\u00e1rias do Programa Bolsa Fam\u00edlia depender\u00e1 do cumprimento desse acompanhamento pelos integrantes das fam\u00edlias, nas condi\u00e7\u00f5es impostas nas \u00e1reas da educa\u00e7\u00e3o e sa\u00fade.<\/p>\n\n\n\n<p>Para n\u00e3o ter o benef\u00edcio cancelado, os benefici\u00e1rios devem estar com a&nbsp;caderneta de vacina atualizada, as&nbsp;gestantes&nbsp;com pr\u00e9-natal em dia e crian\u00e7as menores de sete anos precisam verificar medidas de peso e altura.<\/p>\n\n\n\n<p><strong>Documenta\u00e7\u00e3o<\/strong><\/p>\n\n\n\n<p>Para essa avalia\u00e7\u00e3o e registro dos dados \u00e9 necess\u00e1rio levar os seguintes documentos: Cart\u00e3o do Programa Bolsa Fam\u00edlia, RG ou CPF, a Caderneta da Crian\u00e7a e o Cart\u00e3o da Gestante.<\/p>\n\n\n\n<p><strong>Postos de atendimento<\/strong><\/p>\n\n\n\n<p>O servi\u00e7o pode ser encontrado nos&nbsp;160 postos de sa\u00fade espalhados por Salvador, sem a necessidade de agendamento pr\u00e9vio. O atendimento \u00e9 de segunda a sexta-feira, sempre das 8h \u00e0s 17h.<a rel=\"noreferrer noopener\" href=\"https:\/\/www.ibahia.com\/noticias\/saude\/saude-convoca-beneficiarios-para-acompanhamento-obrigatorio-307580\" target=\"_blank\"><\/a><\/p>\n\n\n\n<p>Fonte: iBahia <\/p>\n","protected":false},"excerpt":{"rendered":"<p>A Secretaria Municipal da Sa\u00fade convoca os benefici\u00e1rios do&nbsp;programa Bolsa Fam\u00edlia, em Salvador, para o acompanhamento dos cuidados b\u00e1sicos de sa\u00fade obrigat\u00f3rios. A a\u00e7\u00e3o segue at\u00e9 o dia 28 de dezembro e quem n\u00e3o realizar o procedimento poder\u00e1 ter o benef\u00edcio cancelado. Segundo informa\u00e7\u00f5es da&nbsp;Secretaria Municipal da Sa\u00fade, apenas 30% dos contemplados compareceram as unidades [&hellip;]<\/p>\n","protected":false},"author":2,"featured_media":5279,"comment_status":"open","ping_status":"open","sticky":false,"template":"","format":"standard","meta":{"jnews-multi-image_gallery":[],"jnews_single_post":{"subtitle":"","format":"standard","video":"","gallery":"","source_name":"","source_url":"","via_name":"","via_url":"","override_template":"0","override":[{"template":"1","single_blog_custom":"","parallax":"1","fullscreen":"1","layout":"right-sidebar","sidebar":"default-sidebar","second_sidebar":"default-sidebar","sticky_sidebar":"1","share_position":"top","share_float_style":"share-monocrhome","show_share_counter":"0","show_view_counter":"0","show_featured":"1","show_post_meta":"1","show_post_author":"0","show_post_author_image":"1","show_post_date":"1","post_date_format":"default","post_date_format_custom":"Y\/m\/d","show_post_category":"1","show_post_reading_time":"0","post_reading_time_wpm":"300","show_zoom_button":"0","zoom_button_out_step":"2","zoom_button_in_step":"3","show_post_tag":"1","show_prev_next_post":"1","show_popup_post":"1","number_popup_post":"1","show_author_box":"0","show_post_related":"0","show_inline_post_related":"0"}],"override_image_size":"0","image_override":[{"single_post_thumbnail_size":"no-crop","single_post_gallery_size":"crop-715"}],"trending_post":"0","trending_post_position":"meta","trending_post_label":"Trending","sponsored_post":"0","sponsored_post_label":"Sponsored by","sponsored_post_name":"","sponsored_post_url":"","sponsored_post_logo_enable":"0","sponsored_post_logo":"","sponsored_post_desc":"","disable_ad":"0"},"jnews_primary_category":{"id":"","hide":""},"footnotes":""},"categories":[94],"tags":[],"class_list":["post-5278","post","type-post","status-publish","format-standard","has-post-thumbnail","hentry","category-saude-2"],"_links":{"self":[{"href":"https:\/\/cidadebaixaonline.com.br\/index.php\/wp-json\/wp\/v2\/posts\/5278","targetHints":{"allow":["GET"]}}],"collection":[{"href":"https:\/\/cidadebaixaonline.com.br\/index.php\/wp-json\/wp\/v2\/posts"}],"about":[{"href":"https:\/\/cidadebaixaonline.com.br\/index.php\/wp-json\/wp\/v2\/types\/post"}],"author":[{"embeddable":true,"href":"https:\/\/cidadebaixaonline.com.br\/index.php\/wp-json\/wp\/v2\/users\/2"}],"replies":[{"embeddable":true,"href":"https:\/\/cidadebaixaonline.com.br\/index.php\/wp-json\/wp\/v2\/comments?post=5278"}],"version-history":[{"count":1,"href":"https:\/\/cidadebaixaonline.com.br\/index.php\/wp-json\/wp\/v2\/posts\/5278\/revisions"}],"predecessor-version":[{"id":5280,"href":"https:\/\/cidadebaixaonline.com.br\/index.php\/wp-json\/wp\/v2\/posts\/5278\/revisions\/5280"}],"wp:featuredmedia":[{"embeddable":true,"href":"https:\/\/cidadebaixaonline.com.br\/index.php\/wp-json\/wp\/v2\/media\/5279"}],"wp:attachment":[{"href":"https:\/\/cidadebaixaonline.com.br\/index.php\/wp-json\/wp\/v2\/media?parent=5278"}],"wp:term":[{"taxonomy":"category","embeddable":true,"href":"https:\/\/cidadebaixaonline.com.br\/index.php\/wp-json\/wp\/v2\/categories?post=5278"},{"taxonomy":"post_tag","embeddable":true,"href":"https:\/\/cidadebaixaonline.com.br\/index.php\/wp-json\/wp\/v2\/tags?post=5278"}],"curies":[{"name":"wp","href":"https:\/\/api.w.org\/{rel}","templated":true}]}}