{"id":5272,"date":"2023-10-24T16:02:54","date_gmt":"2023-10-24T19:02:54","guid":{"rendered":"https:\/\/cidadebaixaonline.com.br\/?p=5272"},"modified":"2023-10-24T16:02:56","modified_gmt":"2023-10-24T19:02:56","slug":"cbf-divulga-tabela-detalhada-do-brasileirao-feminino-sub-17-bahia-estreia-contra-o-gremio","status":"publish","type":"post","link":"https:\/\/cidadebaixaonline.com.br\/index.php\/2023\/10\/24\/cbf-divulga-tabela-detalhada-do-brasileirao-feminino-sub-17-bahia-estreia-contra-o-gremio\/","title":{"rendered":"CBF divulga tabela detalhada do Brasileir\u00e3o Feminino Sub-17; Bahia estreia contra o Gr\u00eamio"},"content":{"rendered":"\n<p>A bola vai rolar no Campeonato Brasileiro Feminino Sub-17. A CBF divulgou nesta ter\u00e7a-feira (24) a tabela detalhada da competi\u00e7\u00e3o. O Bahia \u00e9 um dos 16 clubes que est\u00e3o na disputa pelo t\u00edtulo. A equipe Tricolor ir\u00e1 estrear contra o Gr\u00eamio, no dia 14 de novembro, uma ter\u00e7a-feira, \u00e0s 11h, na Arena Morro das Pedras, em Belo Horizonte (MG).&nbsp;<\/p>\n\n\n\n<p>O Bahia integra o Grupo D. Al\u00e9m do Gr\u00eamio, a chave tamb\u00e9m \u00e9 composta por Corinthians e Minas Bras\u00edlia-DF.<\/p>\n\n\n\n<p>O Brasileir\u00e3o Feminino Sub-17 acontecer\u00e1 entre os dias 13 e 25 de novembro, e ter\u00e1 sede \u00fanica em Belo Horizonte (MG).<\/p>\n\n\n\n<p><strong>JOGOS DO BAHIA<\/strong><br>14\/11&nbsp;<br>Bahia x Gr\u00eamio, \u00e0s 11h- Arena Morro das Pedras, em Belo Horizonte (MG).<\/p>\n\n\n\n<p>16\/11<br>Bahia x Corinthians, \u00e0s 14h &#8211; Est\u00e1dio Osvaldo Faria, em Belo Horizonte (MG).<\/p>\n\n\n\n<p>18\/11<br>Bahia x Minas Bras\u00edlia-DF, \u00e0s 8h30 &#8211; Est\u00e1dio Osvaldo Faria, em Belo Horizonte (MG).<\/p>\n\n\n\n<p>Fonte: Bahia Not\u00edcias <\/p>\n","protected":false},"excerpt":{"rendered":"<p>A bola vai rolar no Campeonato Brasileiro Feminino Sub-17. A CBF divulgou nesta ter\u00e7a-feira (24) a tabela detalhada da competi\u00e7\u00e3o. O Bahia \u00e9 um dos 16 clubes que est\u00e3o na disputa pelo t\u00edtulo. A equipe Tricolor ir\u00e1 estrear contra o Gr\u00eamio, no dia 14 de novembro, uma ter\u00e7a-feira, \u00e0s 11h, na Arena Morro das Pedras, [&hellip;]<\/p>\n","protected":false},"author":2,"featured_media":5273,"comment_status":"open","ping_status":"open","sticky":false,"template":"","format":"standard","meta":{"jnews-multi-image_gallery":[],"jnews_single_post":{"subtitle":"","format":"standard","video":"","gallery":"","source_name":"","source_url":"","via_name":"","via_url":"","override_template":"0","override":[{"template":"1","single_blog_custom":"","parallax":"1","fullscreen":"1","layout":"right-sidebar","sidebar":"default-sidebar","second_sidebar":"default-sidebar","sticky_sidebar":"1","share_position":"top","share_float_style":"share-monocrhome","show_share_counter":"0","show_view_counter":"0","show_featured":"1","show_post_meta":"1","show_post_author":"0","show_post_author_image":"1","show_post_date":"1","post_date_format":"default","post_date_format_custom":"Y\/m\/d","show_post_category":"1","show_post_reading_time":"0","post_reading_time_wpm":"300","show_zoom_button":"0","zoom_button_out_step":"2","zoom_button_in_step":"3","show_post_tag":"1","show_prev_next_post":"1","show_popup_post":"1","number_popup_post":"1","show_author_box":"0","show_post_related":"0","show_inline_post_related":"0"}],"override_image_size":"0","image_override":[{"single_post_thumbnail_size":"no-crop","single_post_gallery_size":"crop-715"}],"trending_post":"0","trending_post_position":"meta","trending_post_label":"Trending","sponsored_post":"0","sponsored_post_label":"Sponsored by","sponsored_post_name":"","sponsored_post_url":"","sponsored_post_logo_enable":"0","sponsored_post_logo":"","sponsored_post_desc":"","disable_ad":"0"},"jnews_primary_category":{"id":"","hide":""},"footnotes":""},"categories":[89],"tags":[],"class_list":["post-5272","post","type-post","status-publish","format-standard","has-post-thumbnail","hentry","category-esportes"],"_links":{"self":[{"href":"https:\/\/cidadebaixaonline.com.br\/index.php\/wp-json\/wp\/v2\/posts\/5272","targetHints":{"allow":["GET"]}}],"collection":[{"href":"https:\/\/cidadebaixaonline.com.br\/index.php\/wp-json\/wp\/v2\/posts"}],"about":[{"href":"https:\/\/cidadebaixaonline.com.br\/index.php\/wp-json\/wp\/v2\/types\/post"}],"author":[{"embeddable":true,"href":"https:\/\/cidadebaixaonline.com.br\/index.php\/wp-json\/wp\/v2\/users\/2"}],"replies":[{"embeddable":true,"href":"https:\/\/cidadebaixaonline.com.br\/index.php\/wp-json\/wp\/v2\/comments?post=5272"}],"version-history":[{"count":1,"href":"https:\/\/cidadebaixaonline.com.br\/index.php\/wp-json\/wp\/v2\/posts\/5272\/revisions"}],"predecessor-version":[{"id":5274,"href":"https:\/\/cidadebaixaonline.com.br\/index.php\/wp-json\/wp\/v2\/posts\/5272\/revisions\/5274"}],"wp:featuredmedia":[{"embeddable":true,"href":"https:\/\/cidadebaixaonline.com.br\/index.php\/wp-json\/wp\/v2\/media\/5273"}],"wp:attachment":[{"href":"https:\/\/cidadebaixaonline.com.br\/index.php\/wp-json\/wp\/v2\/media?parent=5272"}],"wp:term":[{"taxonomy":"category","embeddable":true,"href":"https:\/\/cidadebaixaonline.com.br\/index.php\/wp-json\/wp\/v2\/categories?post=5272"},{"taxonomy":"post_tag","embeddable":true,"href":"https:\/\/cidadebaixaonline.com.br\/index.php\/wp-json\/wp\/v2\/tags?post=5272"}],"curies":[{"name":"wp","href":"https:\/\/api.w.org\/{rel}","templated":true}]}}