{"id":5097,"date":"2023-10-19T10:42:12","date_gmt":"2023-10-19T13:42:12","guid":{"rendered":"https:\/\/cidadebaixaonline.com.br\/?p=5097"},"modified":"2023-10-19T10:42:14","modified_gmt":"2023-10-19T13:42:14","slug":"funcionarios-de-refinaria-sao-hospitalizados-apos-inalar-gas-quimico-na-bahia","status":"publish","type":"post","link":"https:\/\/cidadebaixaonline.com.br\/index.php\/2023\/10\/19\/funcionarios-de-refinaria-sao-hospitalizados-apos-inalar-gas-quimico-na-bahia\/","title":{"rendered":"Funcion\u00e1rios de refinaria s\u00e3o hospitalizados ap\u00f3s inalar g\u00e1s qu\u00edmico na Bahia"},"content":{"rendered":"\n<p>Cerca de 14 funcion\u00e1rios da Acelen foram hospitalizados ap\u00f3s inalarem g\u00e1s qu\u00edmico na Refinaria Mataripe na cidade de S\u00e3o Francisco do Conde, localizada no Rec\u00f4ncavo Baiano. Segundo o Sindicato dos Petroleiros da Bahia (Sindipetro), o caso ocorreu no \u00faltimo dia 10 de outubro, entretanto s\u00f3 foi divulgado na \u00faltima ter\u00e7a-feira (17).<\/p>\n\n\n\n<p>O g\u00e1s que foi inalado pelos funcion\u00e1rios foi uma mistura de hipoclorito de s\u00f3dio (subst\u00e2ncia presente em desinfetantes), com outro produto qu\u00edmico.&nbsp;<br>A assessoria da Acelen informou que o vazamento do g\u00e1s ocorreu por conta do descarregamento de um caminh\u00e3o e que a situa\u00e7\u00e3o foi rapidamente contida pelas equipes t\u00e9cnica de seguran\u00e7a e meio ambiente.<\/p>\n\n\n\n<p>De acordo com o Sindipetro o g\u00e1s foi inalado por 30 trabalhadores, por\u00e9m 14 deles tiveram problemas respirat\u00f3rios. Quatro funcion\u00e1rios precisaram fazer uso de oxig\u00eanio e um ficou internado por quatro dias.<\/p>\n\n\n\n<p>Ainda segundo o sindicato, n\u00e3o foram s\u00f3 os operadores que estavam trabalhando no descarregamento do caminh\u00e3o que foram atingidos pelo g\u00e1s, alguns trabalhadores que participavam de um curso de treinamento tamb\u00e9m foram atingidos. O g\u00e1s se espalhou pelo pr\u00e9dio inteiro, no centro de treinamento, refeit\u00f3rio central, e no embarque e desembarque do \u00f4nibus.<\/p>\n\n\n\n<p>O Sindipetro afirmou que s\u00f3 teve conhecimento do caso na \u00faltima segunda-feira (16). A Acelen diz que a informa\u00e7\u00e3o n\u00e3o \u00e9 ver\u00eddica, e que o acidente foi prontamente comunicado \u00e0 Cipa e ao Sindipetro.\u00a0<\/p>\n\n\n\n<p>Fonte: Varela Net <\/p>\n","protected":false},"excerpt":{"rendered":"<p>Cerca de 14 funcion\u00e1rios da Acelen foram hospitalizados ap\u00f3s inalarem g\u00e1s qu\u00edmico na Refinaria Mataripe na cidade de S\u00e3o Francisco do Conde, localizada no Rec\u00f4ncavo Baiano. Segundo o Sindicato dos Petroleiros da Bahia (Sindipetro), o caso ocorreu no \u00faltimo dia 10 de outubro, entretanto s\u00f3 foi divulgado na \u00faltima ter\u00e7a-feira (17). O g\u00e1s que foi [&hellip;]<\/p>\n","protected":false},"author":2,"featured_media":5098,"comment_status":"open","ping_status":"open","sticky":false,"template":"","format":"standard","meta":{"jnews-multi-image_gallery":[],"jnews_single_post":{"subtitle":"","format":"standard","video":"","gallery":"","source_name":"","source_url":"","via_name":"","via_url":"","override_template":"0","override":[{"template":"1","single_blog_custom":"","parallax":"1","fullscreen":"1","layout":"right-sidebar","sidebar":"default-sidebar","second_sidebar":"default-sidebar","sticky_sidebar":"1","share_position":"top","share_float_style":"share-monocrhome","show_share_counter":"0","show_view_counter":"0","show_featured":"1","show_post_meta":"1","show_post_author":"0","show_post_author_image":"1","show_post_date":"1","post_date_format":"default","post_date_format_custom":"Y\/m\/d","show_post_category":"1","show_post_reading_time":"0","post_reading_time_wpm":"300","show_zoom_button":"0","zoom_button_out_step":"2","zoom_button_in_step":"3","show_post_tag":"1","show_prev_next_post":"1","show_popup_post":"1","number_popup_post":"1","show_author_box":"0","show_post_related":"0","show_inline_post_related":"0"}],"override_image_size":"0","image_override":[{"single_post_thumbnail_size":"no-crop","single_post_gallery_size":"crop-715"}],"trending_post":"0","trending_post_position":"meta","trending_post_label":"Trending","sponsored_post":"0","sponsored_post_label":"Sponsored by","sponsored_post_name":"","sponsored_post_url":"","sponsored_post_logo_enable":"0","sponsored_post_logo":"","sponsored_post_desc":"","disable_ad":"0"},"jnews_primary_category":{"id":"","hide":""},"footnotes":""},"categories":[85],"tags":[],"class_list":["post-5097","post","type-post","status-publish","format-standard","has-post-thumbnail","hentry","category-noticias"],"_links":{"self":[{"href":"https:\/\/cidadebaixaonline.com.br\/index.php\/wp-json\/wp\/v2\/posts\/5097","targetHints":{"allow":["GET"]}}],"collection":[{"href":"https:\/\/cidadebaixaonline.com.br\/index.php\/wp-json\/wp\/v2\/posts"}],"about":[{"href":"https:\/\/cidadebaixaonline.com.br\/index.php\/wp-json\/wp\/v2\/types\/post"}],"author":[{"embeddable":true,"href":"https:\/\/cidadebaixaonline.com.br\/index.php\/wp-json\/wp\/v2\/users\/2"}],"replies":[{"embeddable":true,"href":"https:\/\/cidadebaixaonline.com.br\/index.php\/wp-json\/wp\/v2\/comments?post=5097"}],"version-history":[{"count":1,"href":"https:\/\/cidadebaixaonline.com.br\/index.php\/wp-json\/wp\/v2\/posts\/5097\/revisions"}],"predecessor-version":[{"id":5099,"href":"https:\/\/cidadebaixaonline.com.br\/index.php\/wp-json\/wp\/v2\/posts\/5097\/revisions\/5099"}],"wp:featuredmedia":[{"embeddable":true,"href":"https:\/\/cidadebaixaonline.com.br\/index.php\/wp-json\/wp\/v2\/media\/5098"}],"wp:attachment":[{"href":"https:\/\/cidadebaixaonline.com.br\/index.php\/wp-json\/wp\/v2\/media?parent=5097"}],"wp:term":[{"taxonomy":"category","embeddable":true,"href":"https:\/\/cidadebaixaonline.com.br\/index.php\/wp-json\/wp\/v2\/categories?post=5097"},{"taxonomy":"post_tag","embeddable":true,"href":"https:\/\/cidadebaixaonline.com.br\/index.php\/wp-json\/wp\/v2\/tags?post=5097"}],"curies":[{"name":"wp","href":"https:\/\/api.w.org\/{rel}","templated":true}]}}