{"id":5085,"date":"2023-10-19T10:16:09","date_gmt":"2023-10-19T13:16:09","guid":{"rendered":"https:\/\/cidadebaixaonline.com.br\/?p=5085"},"modified":"2023-10-19T10:16:11","modified_gmt":"2023-10-19T13:16:11","slug":"evento-pos-carnaval-fara-parte-do-verao-baiano-e-tera-grandes-nomes-da-musica","status":"publish","type":"post","link":"https:\/\/cidadebaixaonline.com.br\/index.php\/2023\/10\/19\/evento-pos-carnaval-fara-parte-do-verao-baiano-e-tera-grandes-nomes-da-musica\/","title":{"rendered":"Evento p\u00f3s-Carnaval far\u00e1 parte do ver\u00e3o baiano e ter\u00e1 grandes nomes da m\u00fasica"},"content":{"rendered":"\n<p>Durante um evento realizado em S\u00e3o Paulo, na noite desta quarta-feira (18), o prefeito Bruno Reis (UB) anunciou que Salvador receber\u00e1 o \u201cViva o Ver\u00e3o\u201d, um encontro de grandes nomes da m\u00fasica nacional, com possibilidade de parcerias entre artistas de diversos g\u00eaneros musicais.&nbsp;<\/p>\n\n\n\n<p>A festa ser\u00e1 realizada logo depois do Carnaval. Um dos objetivos \u00e9 celebrar a esta\u00e7\u00e3o mais aguardada pelos soteropolitanos e turistas, trazendo uma variedade de artistas nacionais e atraindo f\u00e3s de todo o pa\u00eds. At\u00e9 o momento, as atra\u00e7\u00f5es&nbsp;n\u00e3o foram divulgadas, mas as negocia\u00e7\u00f5es j\u00e1 est\u00e3o em andamento, e os nomes devem ser divulgados em breve.&nbsp;<\/p>\n\n\n\n<p>Fonte: Varela Net <\/p>\n","protected":false},"excerpt":{"rendered":"<p>Durante um evento realizado em S\u00e3o Paulo, na noite desta quarta-feira (18), o prefeito Bruno Reis (UB) anunciou que Salvador receber\u00e1 o \u201cViva o Ver\u00e3o\u201d, um encontro de grandes nomes da m\u00fasica nacional, com possibilidade de parcerias entre artistas de diversos g\u00eaneros musicais.&nbsp; A festa ser\u00e1 realizada logo depois do Carnaval. Um dos objetivos \u00e9 [&hellip;]<\/p>\n","protected":false},"author":2,"featured_media":5086,"comment_status":"open","ping_status":"open","sticky":false,"template":"","format":"standard","meta":{"jnews-multi-image_gallery":[],"jnews_single_post":{"subtitle":"","format":"standard","video":"","gallery":"","source_name":"","source_url":"","via_name":"","via_url":"","override_template":"0","override":[{"template":"1","single_blog_custom":"","parallax":"1","fullscreen":"1","layout":"right-sidebar","sidebar":"default-sidebar","second_sidebar":"default-sidebar","sticky_sidebar":"1","share_position":"top","share_float_style":"share-monocrhome","show_share_counter":"0","show_view_counter":"0","show_featured":"1","show_post_meta":"1","show_post_author":"0","show_post_author_image":"1","show_post_date":"1","post_date_format":"default","post_date_format_custom":"Y\/m\/d","show_post_category":"1","show_post_reading_time":"0","post_reading_time_wpm":"300","show_zoom_button":"0","zoom_button_out_step":"2","zoom_button_in_step":"3","show_post_tag":"1","show_prev_next_post":"1","show_popup_post":"1","number_popup_post":"1","show_author_box":"0","show_post_related":"0","show_inline_post_related":"0"}],"override_image_size":"0","image_override":[{"single_post_thumbnail_size":"no-crop","single_post_gallery_size":"crop-715"}],"trending_post":"0","trending_post_position":"meta","trending_post_label":"Trending","sponsored_post":"0","sponsored_post_label":"Sponsored by","sponsored_post_name":"","sponsored_post_url":"","sponsored_post_logo_enable":"0","sponsored_post_logo":"","sponsored_post_desc":"","disable_ad":"0"},"jnews_primary_category":{"id":"","hide":""},"footnotes":""},"categories":[85],"tags":[],"class_list":["post-5085","post","type-post","status-publish","format-standard","has-post-thumbnail","hentry","category-noticias"],"_links":{"self":[{"href":"https:\/\/cidadebaixaonline.com.br\/index.php\/wp-json\/wp\/v2\/posts\/5085","targetHints":{"allow":["GET"]}}],"collection":[{"href":"https:\/\/cidadebaixaonline.com.br\/index.php\/wp-json\/wp\/v2\/posts"}],"about":[{"href":"https:\/\/cidadebaixaonline.com.br\/index.php\/wp-json\/wp\/v2\/types\/post"}],"author":[{"embeddable":true,"href":"https:\/\/cidadebaixaonline.com.br\/index.php\/wp-json\/wp\/v2\/users\/2"}],"replies":[{"embeddable":true,"href":"https:\/\/cidadebaixaonline.com.br\/index.php\/wp-json\/wp\/v2\/comments?post=5085"}],"version-history":[{"count":1,"href":"https:\/\/cidadebaixaonline.com.br\/index.php\/wp-json\/wp\/v2\/posts\/5085\/revisions"}],"predecessor-version":[{"id":5087,"href":"https:\/\/cidadebaixaonline.com.br\/index.php\/wp-json\/wp\/v2\/posts\/5085\/revisions\/5087"}],"wp:featuredmedia":[{"embeddable":true,"href":"https:\/\/cidadebaixaonline.com.br\/index.php\/wp-json\/wp\/v2\/media\/5086"}],"wp:attachment":[{"href":"https:\/\/cidadebaixaonline.com.br\/index.php\/wp-json\/wp\/v2\/media?parent=5085"}],"wp:term":[{"taxonomy":"category","embeddable":true,"href":"https:\/\/cidadebaixaonline.com.br\/index.php\/wp-json\/wp\/v2\/categories?post=5085"},{"taxonomy":"post_tag","embeddable":true,"href":"https:\/\/cidadebaixaonline.com.br\/index.php\/wp-json\/wp\/v2\/tags?post=5085"}],"curies":[{"name":"wp","href":"https:\/\/api.w.org\/{rel}","templated":true}]}}