{"id":5073,"date":"2023-10-18T15:45:33","date_gmt":"2023-10-18T18:45:33","guid":{"rendered":"https:\/\/cidadebaixaonline.com.br\/?p=5073"},"modified":"2023-10-18T15:45:36","modified_gmt":"2023-10-18T18:45:36","slug":"ex-campeao-brasileiro-fisiculturista-baiano-e-assassinado-dentro-de-academia-no-interior-de-sp","status":"publish","type":"post","link":"https:\/\/cidadebaixaonline.com.br\/index.php\/2023\/10\/18\/ex-campeao-brasileiro-fisiculturista-baiano-e-assassinado-dentro-de-academia-no-interior-de-sp\/","title":{"rendered":"Ex-campe\u00e3o brasileiro, fisiculturista baiano \u00e9 assassinado dentro de academia no interior de SP"},"content":{"rendered":"\n<p>O fisiculturista Eust\u00e1cio Batista Dias foi assassinado a tiros dentro de uma academia, na tarde desta ter\u00e7a-feira (17), em Botucatu, interior de S\u00e3o Paulo. O atleta baiano, de 27 anos, era ex-campe\u00e3o brasileiro da modalidade. O crime foi registrado pelas c\u00e2meras de seguran\u00e7a do local.<\/p>\n\n\n\n<p>De acordo com informa\u00e7\u00f5es do portal\u00a0Metr\u00f3poles, dois homens armados invadiram a academia e executaram Eust\u00e1cio, que aparece nas imagens vestido com uma camisa vermelha. O atleta caiu no ch\u00e3o, mas mesmo continuou sendo alvejado pelos criminosos, que fugiram do local. Outro homem, de camisa azul, tamb\u00e9m acabou sendo atingido. Ele seria o dono do espa\u00e7o. N\u00e3o h\u00e1 informa\u00e7\u00f5es sobre o estado de sa\u00fade dele. Minutos antes do crime, o baiano havia publicado uma foto nas suas redes sociais mostrando que estava treinando. A pol\u00edcia acredita que a publica\u00e7\u00e3o pode ter sido usada pelos assassinados para localizarem a v\u00edtima. At\u00e9 o momento, nenhum suspeito foi identificado e nem preso.<\/p>\n\n\n\n<p>Natural de Teixeira de Freitas, Esut\u00e1cio vivia h\u00e1 dois anos em Botucatu com a esposa. O fisiculturista foi campe\u00e3o na categoria Men\u2019s Pshysique em 2018. No ano seguinte, ele conquistou o campeonato estadual do Esp\u00edrito Santo.<\/p>\n\n\n\n<p>Ainda segundo o Metr\u00f3poles, Eust\u00e1cio Batista Dias esteve envolvido com tr\u00e1fico de drogas tanto na Bahia quanto no interior de S\u00e3o Paulo. De acordo com o delegado Louren\u00e7o Talamonte, da Seccional de Botucatu, o fisiculturista &#8220;tinha problemas com o tr\u00b4fico de drogas&#8221; e era &#8220;jurado de morte&#8221; no estado natal. Em junho de 2021, ele havia sido preso junto com o irm\u00e3o, Ramon Batista Dias, 26, na cidade paulista. Os dois estavam com tr\u00eas por\u00e7\u00f5es de maconha, nove papelotes de coca\u00edna, quatro smartphones e R$ 2.473 em esp\u00e9cie. Al\u00e9m disso, ele tamb\u00e9m tinha passagens pelo sistema penitenci\u00e1rio de sua cidade de origem. <\/p>\n\n\n\n<p>Fonte: Bahia Not\u00edcias <\/p>\n","protected":false},"excerpt":{"rendered":"<p>O fisiculturista Eust\u00e1cio Batista Dias foi assassinado a tiros dentro de uma academia, na tarde desta ter\u00e7a-feira (17), em Botucatu, interior de S\u00e3o Paulo. O atleta baiano, de 27 anos, era ex-campe\u00e3o brasileiro da modalidade. O crime foi registrado pelas c\u00e2meras de seguran\u00e7a do local. De acordo com informa\u00e7\u00f5es do portal\u00a0Metr\u00f3poles, dois homens armados invadiram [&hellip;]<\/p>\n","protected":false},"author":2,"featured_media":5074,"comment_status":"open","ping_status":"open","sticky":false,"template":"","format":"standard","meta":{"jnews-multi-image_gallery":[],"jnews_single_post":{"subtitle":"","format":"standard","video":"","gallery":"","source_name":"","source_url":"","via_name":"","via_url":"","override_template":"0","override":[{"template":"1","single_blog_custom":"","parallax":"1","fullscreen":"1","layout":"right-sidebar","sidebar":"default-sidebar","second_sidebar":"default-sidebar","sticky_sidebar":"1","share_position":"top","share_float_style":"share-monocrhome","show_share_counter":"0","show_view_counter":"0","show_featured":"1","show_post_meta":"1","show_post_author":"0","show_post_author_image":"1","show_post_date":"1","post_date_format":"default","post_date_format_custom":"Y\/m\/d","show_post_category":"1","show_post_reading_time":"0","post_reading_time_wpm":"300","show_zoom_button":"0","zoom_button_out_step":"2","zoom_button_in_step":"3","show_post_tag":"1","show_prev_next_post":"1","show_popup_post":"1","number_popup_post":"1","show_author_box":"0","show_post_related":"0","show_inline_post_related":"0"}],"override_image_size":"0","image_override":[{"single_post_thumbnail_size":"no-crop","single_post_gallery_size":"crop-715"}],"trending_post":"0","trending_post_position":"meta","trending_post_label":"Trending","sponsored_post":"0","sponsored_post_label":"Sponsored by","sponsored_post_name":"","sponsored_post_url":"","sponsored_post_logo_enable":"0","sponsored_post_logo":"","sponsored_post_desc":"","disable_ad":"0"},"jnews_primary_category":{"id":"","hide":""},"footnotes":""},"categories":[105],"tags":[],"class_list":["post-5073","post","type-post","status-publish","format-standard","has-post-thumbnail","hentry","category-policia"],"_links":{"self":[{"href":"https:\/\/cidadebaixaonline.com.br\/index.php\/wp-json\/wp\/v2\/posts\/5073","targetHints":{"allow":["GET"]}}],"collection":[{"href":"https:\/\/cidadebaixaonline.com.br\/index.php\/wp-json\/wp\/v2\/posts"}],"about":[{"href":"https:\/\/cidadebaixaonline.com.br\/index.php\/wp-json\/wp\/v2\/types\/post"}],"author":[{"embeddable":true,"href":"https:\/\/cidadebaixaonline.com.br\/index.php\/wp-json\/wp\/v2\/users\/2"}],"replies":[{"embeddable":true,"href":"https:\/\/cidadebaixaonline.com.br\/index.php\/wp-json\/wp\/v2\/comments?post=5073"}],"version-history":[{"count":1,"href":"https:\/\/cidadebaixaonline.com.br\/index.php\/wp-json\/wp\/v2\/posts\/5073\/revisions"}],"predecessor-version":[{"id":5075,"href":"https:\/\/cidadebaixaonline.com.br\/index.php\/wp-json\/wp\/v2\/posts\/5073\/revisions\/5075"}],"wp:featuredmedia":[{"embeddable":true,"href":"https:\/\/cidadebaixaonline.com.br\/index.php\/wp-json\/wp\/v2\/media\/5074"}],"wp:attachment":[{"href":"https:\/\/cidadebaixaonline.com.br\/index.php\/wp-json\/wp\/v2\/media?parent=5073"}],"wp:term":[{"taxonomy":"category","embeddable":true,"href":"https:\/\/cidadebaixaonline.com.br\/index.php\/wp-json\/wp\/v2\/categories?post=5073"},{"taxonomy":"post_tag","embeddable":true,"href":"https:\/\/cidadebaixaonline.com.br\/index.php\/wp-json\/wp\/v2\/tags?post=5073"}],"curies":[{"name":"wp","href":"https:\/\/api.w.org\/{rel}","templated":true}]}}